{"id":64981,"date":"2022-12-15T09:13:54","date_gmt":"2022-12-15T16:13:54","guid":{"rendered":"https:\/\/portaltactica.com\/?p=64981"},"modified":"2022-12-15T09:13:57","modified_gmt":"2022-12-15T16:13:57","slug":"el-real-madrid-anuncia-el-fichaje-de-endrick-de-16-anos-procedente-del-palmeiras","status":"publish","type":"post","link":"https:\/\/portaltactica.com\/?p=64981","title":{"rendered":"El Real Madrid anuncia el fichaje de Endrick, de 16 a\u00f1os, procedente del Palmeiras"},"content":{"rendered":"\n<p>El Real Madrid ha acordado el fichaje de Endrick, delantero brasile\u00f1o de 16 a\u00f1os procedente del Palmeiras.<\/p>\n\n\n\n<p>Endrick se incorporar\u00e1 al Real Madrid en julio de 2024, cuando cumpla 18 a\u00f1os, y permanecer\u00e1 mientras tanto en el Palmeiras.<\/p>\n\n\n\n<p>El Real Madrid se ha impuesto a otros grandes clubes europeos, entre los que destaca el Chelsea, para hacerse con el fichaje de uno de los adolescentes m\u00e1s codiciados del mundo.<\/p>\n\n\n\n<p>La familia de Endrick fue recibida por el Chelsea en el campo de entrenamiento del club en Cobham el mes pasado, mientras exploraban un traspaso por el demandado joven.<\/p>\n\n\n\n<p>La presidenta del Palmeiras, Leila Pereira, ha descrito esta operaci\u00f3n como &#8220;la mayor negociaci\u00f3n de la historia del f\u00fatbol brasile\u00f1o&#8221;.<\/p>\n\n\n\n<p>Y a\u00f1adi\u00f3: &#8220;La propuesta del Real Madrid es compatible con el enorme talento de Endrick y se corresponde con los objetivos deportivos y econ\u00f3micos que hemos establecido desde el inicio de las negociaciones&#8221;.<\/p>\n\n\n\n<p>El Real Madrid ha tenido \u00e9xito en los \u00faltimos a\u00f1os invirtiendo en los j\u00f3venes m\u00e1s prometedores de Brasil, habiendo llegado a acuerdos con Vinicius Jr y Rodrygo a una edad similar, y ambos jugadores son ahora titulares en el primer equipo.<\/p>\n\n\n\n<p>Endrick ha prometido darlo todo por el Palmeiras en los pr\u00f3ximos 18 meses antes de recalar en el Bernab\u00e9u y ha agradecido &#8220;al club de su coraz\u00f3n&#8221; que le haya concedido este fichaje.<\/p>\n\n\n\n<p>&#8220;Agradezco al Palmeiras, por siempre el club de mi coraz\u00f3n, por ofrecerme todo lo necesario para llegar a ser lo que soy hoy, por ayudarme a alcanzar mis sue\u00f1os y respetar mis deseos y los de mi familia&#8221;, dijo el jugador de 16 a\u00f1os.<\/p>\n\n\n\n<p>&#8220;Hasta que me incorpore al Real Madrid, seguir\u00e9 dedic\u00e1ndome como siempre me he dedicado a poder ofrecer al Palmeiras a\u00fan m\u00e1s en el campo: m\u00e1s goles, m\u00e1s victorias, m\u00e1s t\u00edtulos y a\u00fan m\u00e1s alegr\u00edas para nuestros aficionados.&#8221;<\/p>\n\n\n\n<p>El Real Madrid asegura que Endrick viajar\u00e1 a la capital espa\u00f1ola &#8220;en los pr\u00f3ximos d\u00edas&#8221; para visitar las instalaciones del club.<\/p>\n\n\n\n<p><\/p>\n<div class='share-to-whatsapp-wrapper'><div class='share-on-whsp'>Share on: <\/div><a data-text='El Real Madrid anuncia el fichaje de Endrick, de 16 a\u00f1os, procedente del Palmeiras' data-link='https:\/\/portaltactica.com\/?p=64981' class='whatsapp-button whatsapp-share'>WhatsApp<\/a><div class='clear '><\/div><\/div>","protected":false},"excerpt":{"rendered":"<p>El Real Madrid ha acordado el fichaje de Endrick, delantero brasile\u00f1o de 16 a\u00f1os procedente del Palmeiras. Endrick se incorporar\u00e1 al&hellip;<\/p>\n","protected":false},"author":2,"featured_media":64982,"comment_status":"closed","ping_status":"closed","sticky":false,"template":"","format":"standard","meta":{"advanced_seo_description":"","jetpack_seo_html_title":"","jetpack_seo_noindex":false,"_jetpack_memberships_contains_paid_content":false,"footnotes":"","jetpack_publicize_message":"","jetpack_publicize_feature_enabled":true,"jetpack_social_post_already_shared":true,"jetpack_social_options":{"image_generator_settings":{"template":"highway","default_image_id":0,"font":"","enabled":false},"version":2}},"categories":[1896],"tags":[5394,32],"class_list":["post-64981","post","type-post","status-publish","format-standard","has-post-thumbnail","hentry","category-destacado-portada","tag-endrick","tag-real-madrid"],"jetpack_publicize_connections":[],"jetpack_featured_media_url":"https:\/\/portaltactica.com\/wp-content\/uploads\/2022\/12\/1-12.jpg","jetpack_sharing_enabled":true,"_links":{"self":[{"href":"https:\/\/portaltactica.com\/index.php?rest_route=\/wp\/v2\/posts\/64981","targetHints":{"allow":["GET"]}}],"collection":[{"href":"https:\/\/portaltactica.com\/index.php?rest_route=\/wp\/v2\/posts"}],"about":[{"href":"https:\/\/portaltactica.com\/index.php?rest_route=\/wp\/v2\/types\/post"}],"author":[{"embeddable":true,"href":"https:\/\/portaltactica.com\/index.php?rest_route=\/wp\/v2\/users\/2"}],"replies":[{"embeddable":true,"href":"https:\/\/portaltactica.com\/index.php?rest_route=%2Fwp%2Fv2%2Fcomments&post=64981"}],"version-history":[{"count":1,"href":"https:\/\/portaltactica.com\/index.php?rest_route=\/wp\/v2\/posts\/64981\/revisions"}],"predecessor-version":[{"id":64983,"href":"https:\/\/portaltactica.com\/index.php?rest_route=\/wp\/v2\/posts\/64981\/revisions\/64983"}],"wp:featuredmedia":[{"embeddable":true,"href":"https:\/\/portaltactica.com\/index.php?rest_route=\/wp\/v2\/media\/64982"}],"wp:attachment":[{"href":"https:\/\/portaltactica.com\/index.php?rest_route=%2Fwp%2Fv2%2Fmedia&parent=64981"}],"wp:term":[{"taxonomy":"category","embeddable":true,"href":"https:\/\/portaltactica.com\/index.php?rest_route=%2Fwp%2Fv2%2Fcategories&post=64981"},{"taxonomy":"post_tag","embeddable":true,"href":"https:\/\/portaltactica.com\/index.php?rest_route=%2Fwp%2Fv2%2Ftags&post=64981"}],"curies":[{"name":"wp","href":"https:\/\/api.w.org\/{rel}","templated":true}]}}