{"id":64542,"date":"2022-12-05T14:46:55","date_gmt":"2022-12-05T21:46:55","guid":{"rendered":"https:\/\/portaltactica.com\/?p=64542"},"modified":"2022-12-05T14:46:56","modified_gmt":"2022-12-05T21:46:56","slug":"fernando-ortiz-habla-sobre-si-ochoa-se-va-del-america-o-se-queda","status":"publish","type":"post","link":"https:\/\/portaltactica.com\/?p=64542","title":{"rendered":"Fernando Ortiz habla sobre si Ochoa se va del Am\u00e9rica o se queda"},"content":{"rendered":"\n<p>El\u00a0<strong>Am\u00e9rica<\/strong>\u00a0ya est\u00e1 alistando a su\u00a0<strong>plantilla para el Clausura 2023<\/strong>\u00a0y sin duda, una de las inc\u00f3gnitas es la continuidad de\u00a0<strong>Guillermo Ochoa.<\/strong>\u00a0El portero que acaba de terminar su participaci\u00f3n con M\u00e9xico en el Mundial, no tiene actualmente contrato con alg\u00fan equipo; sin embargo,\u00a0<strong>Fernando Ortiz, estratega de las \u00c1guilas, fue claro sobre la situaci\u00f3n de Memo:<\/strong>\u00a0tiene una\u00a0<strong>oferta de extensi\u00f3n de contrato<\/strong>\u00a0y como t\u00e9cnico le ha expresado que\u00a0<strong>desea contar con \u00e9l.<\/strong><\/p>\n\n\n\n<p><strong>&#8220;Memo finaliz\u00f3 contrato,<\/strong>&nbsp;de ah\u00ed en m\u00e1s, lo que me corresponde como entrenador. \u00c9l sabe lo que pienso y ya no depende de m\u00ed, esa es la realidad, lo importante es que \u00e9l y yo estemos conectados y lo hab\u00edamos hablado previo al Mundial y esto es as\u00ed,&nbsp;<strong>la situaci\u00f3n que el afronta hoy en d\u00eda es la posibilidad de renovar con el club con el cual quiere estar&#8221;,<\/strong>&nbsp;se\u00f1al\u00f3 el Tano en conferencia de prensa.<\/p>\n\n\n\n<p>Asimismo, el estratega azulcrema dej\u00f3 claro que en caso de que Ochoa no renueve con el Am\u00e9rica,&nbsp;<strong>existe un &#8216;plan b&#8217;, aunque el objetivo principal es que el experimentado guardameta se quede<\/strong>&nbsp;en Coapa.<\/p>\n\n\n\n<p class=\"has-medium-font-size\"><strong>Am\u00e9rica tiene claro qu\u00e9 posiciones reforzar<\/strong><\/p>\n\n\n\n<p>En tanto, Tano Ortiz dej\u00f3 claro que lo que s\u00ed buscar\u00e1n reforzar es l<strong>a lateral, sobre todo la derecha,&nbsp;<\/strong>que tras la&nbsp;<strong>salida Jorge S\u00e1nchez al Ajax qued\u00f3 con un hueco.<\/strong>&nbsp;El estratega agreg\u00f3 que tomar\u00e1n la decisi\u00f3n con calma.<\/p>\n\n\n\n<p>&#8220;Carecemos un poquito de lateral derecho, es algo de lo que hemos hablado, es un puesto que debemos reforzar. El mercado reci\u00e9n empieza, veremos c\u00f3mo transcurren estos d\u00edas, quiz\u00e1 hay inter\u00e9s por algunos chicos y as\u00ed seguiremos d\u00eda a d\u00eda, pero&nbsp;<strong>la prioridad hoy es un lateral derecho, nombres hay,<\/strong>&nbsp;pero no los damos porque ya sabemos que siempre se complica&#8221;, agreg\u00f3.<\/p>\n\n\n\n<p><\/p>\n<div class='share-to-whatsapp-wrapper'><div class='share-on-whsp'>Share on: <\/div><a data-text='Fernando Ortiz habla sobre si Ochoa se va del Am\u00e9rica o se queda' data-link='https:\/\/portaltactica.com\/?p=64542' class='whatsapp-button whatsapp-share'>WhatsApp<\/a><div class='clear '><\/div><\/div>","protected":false},"excerpt":{"rendered":"<p>El\u00a0Am\u00e9rica\u00a0ya est\u00e1 alistando a su\u00a0plantilla para el Clausura 2023\u00a0y sin duda, una de las inc\u00f3gnitas es la continuidad de\u00a0Guillermo Ochoa.\u00a0El portero&hellip;<\/p>\n","protected":false},"author":2,"featured_media":64543,"comment_status":"closed","ping_status":"closed","sticky":false,"template":"","format":"standard","meta":{"advanced_seo_description":"","jetpack_seo_html_title":"","jetpack_seo_noindex":false,"_jetpack_memberships_contains_paid_content":false,"footnotes":"","jetpack_publicize_message":"","jetpack_publicize_feature_enabled":true,"jetpack_social_post_already_shared":true,"jetpack_social_options":{"image_generator_settings":{"template":"highway","default_image_id":0,"font":"","enabled":false},"version":2}},"categories":[1897],"tags":[75,4887,1887,156,4941],"class_list":["post-64542","post","type-post","status-publish","format-standard","has-post-thumbnail","hentry","category-destacado-nacional","tag-america","tag-fernando-ortiz","tag-guillermo-ochoa","tag-liga-mx","tag-memo-ochoa"],"jetpack_publicize_connections":[],"jetpack_featured_media_url":"https:\/\/portaltactica.com\/wp-content\/uploads\/2022\/12\/11.png","jetpack_sharing_enabled":true,"_links":{"self":[{"href":"https:\/\/portaltactica.com\/index.php?rest_route=\/wp\/v2\/posts\/64542","targetHints":{"allow":["GET"]}}],"collection":[{"href":"https:\/\/portaltactica.com\/index.php?rest_route=\/wp\/v2\/posts"}],"about":[{"href":"https:\/\/portaltactica.com\/index.php?rest_route=\/wp\/v2\/types\/post"}],"author":[{"embeddable":true,"href":"https:\/\/portaltactica.com\/index.php?rest_route=\/wp\/v2\/users\/2"}],"replies":[{"embeddable":true,"href":"https:\/\/portaltactica.com\/index.php?rest_route=%2Fwp%2Fv2%2Fcomments&post=64542"}],"version-history":[{"count":1,"href":"https:\/\/portaltactica.com\/index.php?rest_route=\/wp\/v2\/posts\/64542\/revisions"}],"predecessor-version":[{"id":64544,"href":"https:\/\/portaltactica.com\/index.php?rest_route=\/wp\/v2\/posts\/64542\/revisions\/64544"}],"wp:featuredmedia":[{"embeddable":true,"href":"https:\/\/portaltactica.com\/index.php?rest_route=\/wp\/v2\/media\/64543"}],"wp:attachment":[{"href":"https:\/\/portaltactica.com\/index.php?rest_route=%2Fwp%2Fv2%2Fmedia&parent=64542"}],"wp:term":[{"taxonomy":"category","embeddable":true,"href":"https:\/\/portaltactica.com\/index.php?rest_route=%2Fwp%2Fv2%2Fcategories&post=64542"},{"taxonomy":"post_tag","embeddable":true,"href":"https:\/\/portaltactica.com\/index.php?rest_route=%2Fwp%2Fv2%2Ftags&post=64542"}],"curies":[{"name":"wp","href":"https:\/\/api.w.org\/{rel}","templated":true}]}}