{"id":64201,"date":"2022-11-25T17:11:59","date_gmt":"2022-11-26T00:11:59","guid":{"rendered":"https:\/\/portaltactica.com\/?p=64201"},"modified":"2022-11-25T17:11:59","modified_gmt":"2022-11-26T00:11:59","slug":"da-inicio-preparatoria-rosales-a-los-16-dias-de-activismo-contra-la-violencia-hacia-la-mujer","status":"publish","type":"post","link":"https:\/\/portaltactica.com\/?p=64201","title":{"rendered":"Da inicio Preparatoria Rosales, a los 16 d\u00edas de activismo contra la violencia hacia la mujer"},"content":{"rendered":"\n<p>El 25 de noviembre ser\u00e1 siempre recordado por un suceso que estremeci\u00f3 al mundo, como es el crimen de las hermanas Mirabal en la Rep\u00fablica Dominicana, es por eso que este d\u00eda se busca sensibilizar algo que flagela a la humanidad, al g\u00e9nero femenino, que es la violencia contra la mujer, es un momento para reflexionar acerca de los compromisos para eliminar la violencia contra las mujeres para el a\u00f1o 2030.<br><br>Es por eso que la Unidad Acad\u00e9mica Preparatoria Antonio Rosales de la Universidad Aut\u00f3noma de Sinaloa, (UAS) dio inicio a los 16 d\u00edas de activismo contra la violencia contra la mujer, se\u00f1al\u00f3 Norma Leticia Olvera Guevara, directora de este plantel.<br><br>\u201cEl Centro de Pol\u00edticas de G\u00e9nero de esta casa de estudios, nos est\u00e1 apoyando siempre, ya que se impartir\u00e1n conferencias dirigidas a nuestros docentes, a las alumnas y alumnos, al personal administrativo y de intendencia de esta escuela y tiene el fin de que toda la comunidad est\u00e9 presente en esta serie de actividades, coment\u00f3\u201d.<br><br> La directora destac\u00f3 que este tipo de ponencias vienen a apoyar el proceso de sensibilizaci\u00f3n con los estudiantes, ya que ellos ahora con la pandemia vivieron la violencia en sus hogares, donde lamentablemente se sabe por estudios que se han manifestado, que ahora en pandemia se increment\u00f3 la violencia en mujeres en el mundo, y esta parte de la post pandemia, trajo un rezago en los estudiantes, todav\u00eda existen manifestaciones, pero gracias a este tipo de ponencias vienen ayudar al alumnado.<br><br> A la par dijo que el virus del SARS-COV 2, que estremeci\u00f3 al mundo entero, trajo terriblemente la violencia hacia la mujer, ya que el encierro que sufrieron los humanos afect\u00f3 en varias familias las relaciones afectivas, es por eso que la Unidad Acad\u00e9mica quiere que sus estudiantes, tengan  la informaci\u00f3n para que ellos no cometan violencia contra ninguna mujer.<br><br>Esta fecha se hace activismo con el fin de poner un alto a la violencia contra las mujeres y las ni\u00f1as, donde tambi\u00e9n tiene el objetivo de movilizar a todos los miembros de la sociedad para que se conviertan en activistas, se solidaricen con las defensoras de los derechos de las mujeres y apoyen a los movimientos feministas del planeta para evitar el retroceso. <br><br>Recordemos que el origen de la fecha tiene que ver con el crimen de las hermanas Patria, Minerva y Mar\u00eda Teresa Mirabal, quienes fueron asesinadas en 1960 por orden del dictador dominicano Rafael Trujillo.<br><br>En el evento estuvo presente la maestra Celina Boj\u00f3rquez L\u00f3pez, coordinadora del Centro de Pol\u00edticas de G\u00e9nero en la Unidad Regional Sur, as\u00ed como Usiel Tejeda Velarde, en representaci\u00f3n de la DGEP.<\/p>\n\n\n\n<figure class=\"wp-block-gallery columns-3 is-cropped wp-block-gallery-1 is-layout-flex wp-block-gallery-is-layout-flex\"><ul class=\"blocks-gallery-grid\"><li class=\"blocks-gallery-item\"><figure><img fetchpriority=\"high\" decoding=\"async\" width=\"960\" height=\"1024\" src=\"https:\/\/portaltactica.com\/wp-content\/uploads\/2022\/11\/IMG-20221125-WA0041-960x1024.jpg\" alt=\"\" data-id=\"64196\" class=\"wp-image-64196\"\/><\/figure><\/li><li class=\"blocks-gallery-item\"><figure><img decoding=\"async\" width=\"1024\" height=\"660\" src=\"https:\/\/portaltactica.com\/wp-content\/uploads\/2022\/11\/IMG-20221125-WA0039-1024x660.jpg\" alt=\"\" data-id=\"64197\" class=\"wp-image-64197\"\/><\/figure><\/li><li class=\"blocks-gallery-item\"><figure><img decoding=\"async\" width=\"1024\" height=\"683\" src=\"https:\/\/portaltactica.com\/wp-content\/uploads\/2022\/11\/IMG-20221125-WA0040-1024x683.jpg\" alt=\"\" data-id=\"64198\" class=\"wp-image-64198\" srcset=\"https:\/\/portaltactica.com\/wp-content\/uploads\/2022\/11\/IMG-20221125-WA0040-1024x683.jpg 1024w, https:\/\/portaltactica.com\/wp-content\/uploads\/2022\/11\/IMG-20221125-WA0040-585x390.jpg 585w, https:\/\/portaltactica.com\/wp-content\/uploads\/2022\/11\/IMG-20221125-WA0040-263x175.jpg 263w, https:\/\/portaltactica.com\/wp-content\/uploads\/2022\/11\/IMG-20221125-WA0040-272x182.jpg 272w\" sizes=\"(max-width: 1024px) 100vw, 1024px\" \/><\/figure><\/li><li class=\"blocks-gallery-item\"><figure><img loading=\"lazy\" decoding=\"async\" width=\"1024\" height=\"719\" src=\"https:\/\/portaltactica.com\/wp-content\/uploads\/2022\/11\/IMG-20221125-WA0038-1024x719.jpg\" alt=\"\" data-id=\"64199\" class=\"wp-image-64199\"\/><\/figure><\/li><\/ul><\/figure>\n<div class='share-to-whatsapp-wrapper'><div class='share-on-whsp'>Share on: <\/div><a data-text='Da inicio Preparatoria Rosales, a los 16 d\u00edas de activismo contra la violencia hacia la mujer' data-link='https:\/\/portaltactica.com\/?p=64201' class='whatsapp-button whatsapp-share'>WhatsApp<\/a><div class='clear '><\/div><\/div>","protected":false},"excerpt":{"rendered":"<p>El 25 de noviembre ser\u00e1 siempre recordado por un suceso que estremeci\u00f3 al mundo, como es el crimen de las hermanas&hellip;<\/p>\n","protected":false},"author":1,"featured_media":64200,"comment_status":"","ping_status":"","sticky":false,"template":"","format":"standard","meta":{"advanced_seo_description":"","jetpack_seo_html_title":"","jetpack_seo_noindex":false,"_jetpack_memberships_contains_paid_content":false,"footnotes":"","jetpack_publicize_message":"","jetpack_publicize_feature_enabled":true,"jetpack_social_post_already_shared":true,"jetpack_social_options":{"image_generator_settings":{"template":"highway","default_image_id":0,"font":"","enabled":false},"version":2}},"categories":[947],"tags":[558],"class_list":["post-64201","post","type-post","status-publish","format-standard","has-post-thumbnail","hentry","category-universidad","tag-uas"],"jetpack_publicize_connections":[],"jetpack_featured_media_url":"https:\/\/portaltactica.com\/wp-content\/uploads\/2022\/11\/IMG-20221125-WA0037.jpg","jetpack_sharing_enabled":true,"_links":{"self":[{"href":"https:\/\/portaltactica.com\/index.php?rest_route=\/wp\/v2\/posts\/64201","targetHints":{"allow":["GET"]}}],"collection":[{"href":"https:\/\/portaltactica.com\/index.php?rest_route=\/wp\/v2\/posts"}],"about":[{"href":"https:\/\/portaltactica.com\/index.php?rest_route=\/wp\/v2\/types\/post"}],"author":[{"embeddable":true,"href":"https:\/\/portaltactica.com\/index.php?rest_route=\/wp\/v2\/users\/1"}],"replies":[{"embeddable":true,"href":"https:\/\/portaltactica.com\/index.php?rest_route=%2Fwp%2Fv2%2Fcomments&post=64201"}],"version-history":[{"count":0,"href":"https:\/\/portaltactica.com\/index.php?rest_route=\/wp\/v2\/posts\/64201\/revisions"}],"wp:featuredmedia":[{"embeddable":true,"href":"https:\/\/portaltactica.com\/index.php?rest_route=\/wp\/v2\/media\/64200"}],"wp:attachment":[{"href":"https:\/\/portaltactica.com\/index.php?rest_route=%2Fwp%2Fv2%2Fmedia&parent=64201"}],"wp:term":[{"taxonomy":"category","embeddable":true,"href":"https:\/\/portaltactica.com\/index.php?rest_route=%2Fwp%2Fv2%2Fcategories&post=64201"},{"taxonomy":"post_tag","embeddable":true,"href":"https:\/\/portaltactica.com\/index.php?rest_route=%2Fwp%2Fv2%2Ftags&post=64201"}],"curies":[{"name":"wp","href":"https:\/\/api.w.org\/{rel}","templated":true}]}}