{"id":63874,"date":"2022-11-17T09:31:42","date_gmt":"2022-11-17T16:31:42","guid":{"rendered":"https:\/\/portaltactica.com\/?p=63874"},"modified":"2022-11-17T09:31:44","modified_gmt":"2022-11-17T16:31:44","slug":"sosa-abandono-la-concentracion-de-uruguay-tras-el-fallecimiento-de-su-madre","status":"publish","type":"post","link":"https:\/\/portaltactica.com\/?p=63874","title":{"rendered":"Sosa abandon\u00f3 la concentraci\u00f3n de Uruguay tras el fallecimiento de su madre"},"content":{"rendered":"\n<p>A unos d\u00edas de que comience la Copa del Mundo de Qatar 2022, la selecci\u00f3n de Uruguay sufri\u00f3 un duro golpe luego de que se diera a conocer que la madre del portero Sebasti\u00e1n Sosa falleci\u00f3, motivo por el cual el futbolista abandon\u00f3 la concentraci\u00f3n de los charr\u00faas para viajar a Montevideo. <\/p>\n\n\n\n<p>A trav\u00e9s de las redes sociales del combinado sudamericano se inform\u00f3 de la muerte de la se\u00f1ora Irene Silva. &#8220;Acompa\u00f1amos a Sebasti\u00e1n en este dif\u00edcil momento y le deseamos mucha fuerza a todo su entorno&#8221;, public\u00f3. <\/p>\n\n\n\n<figure class=\"wp-block-embed is-type-rich is-provider-twitter wp-block-embed-twitter\"><div class=\"wp-block-embed__wrapper\">\n<blockquote class=\"twitter-tweet\" data-width=\"550\" data-dnt=\"true\"><p lang=\"pt\" dir=\"ltr\">\ud83d\udcc4 \ud835\udc02\ud835\udc28\ud835\udc26\ud835\udc2e\ud835\udc27\ud835\udc22\ud835\udc1c\ud835\udc1a\ud835\udc1d\ud835\udc28 <a href=\"https:\/\/t.co\/bj0AjonAZD\">pic.twitter.com\/bj0AjonAZD<\/a><\/p>&mdash; Selecci\u00f3n Uruguaya (@Uruguay) <a href=\"https:\/\/twitter.com\/Uruguay\/status\/1593258794259447810?ref_src=twsrc%5Etfw\">November 17, 2022<\/a><\/blockquote><script async src=\"https:\/\/platform.twitter.com\/widgets.js\" charset=\"utf-8\"><\/script>\n<\/div><\/figure>\n\n\n\n<p>La selecci\u00f3n uruguaya decidi\u00f3 suspender este jueves su entrenamiento en Emiratos \u00c1rabes Unidos tras enterarse de la partida de la madre de Sosa, motivo por el cual el combinado regres\u00f3 al hotel de concentraci\u00f3n en donde se encuentran. <\/p>\n\n\n\n<p>De acuerdo con medios uruguayos, el guardameta llegar\u00e1 a Montevideo la tarde de este viernes y se espera que se reintegre al plantel dirigido por Diego Alonso antes 24 de noviembre, d\u00eda en el que los charr\u00faas debutar\u00e1n en el Mundial ante Corea del Sur. <\/p>\n\n\n\n<p>Despu\u00e9s de ese partido, Uruguay se medir\u00e1 a el lunes 28 a Portugal y cerrar\u00e1 su participaci\u00f3n en la Fase de Grupos el 2 de diciembre con el duelo frente a Ghana.\u00a0 <\/p>\n<div class='share-to-whatsapp-wrapper'><div class='share-on-whsp'>Share on: <\/div><a data-text='Sosa abandon\u00f3 la concentraci\u00f3n de Uruguay tras el fallecimiento de su madre' data-link='https:\/\/portaltactica.com\/?p=63874' class='whatsapp-button whatsapp-share'>WhatsApp<\/a><div class='clear '><\/div><\/div>","protected":false},"excerpt":{"rendered":"<p>A unos d\u00edas de que comience la Copa del Mundo de Qatar 2022, la selecci\u00f3n de Uruguay sufri\u00f3 un duro golpe&hellip;<\/p>\n","protected":false},"author":2,"featured_media":63875,"comment_status":"closed","ping_status":"closed","sticky":false,"template":"","format":"standard","meta":{"advanced_seo_description":"","jetpack_seo_html_title":"","jetpack_seo_noindex":false,"_jetpack_memberships_contains_paid_content":false,"footnotes":"","jetpack_publicize_message":"","jetpack_publicize_feature_enabled":true,"jetpack_social_post_already_shared":true,"jetpack_social_options":{"image_generator_settings":{"template":"highway","default_image_id":0,"font":"","enabled":false},"version":2}},"categories":[1898],"tags":[589,5320],"class_list":["post-63874","post","type-post","status-publish","format-standard","has-post-thumbnail","hentry","category-destacado-internacional","tag-qatar-2022","tag-sebastian-sosa"],"jetpack_publicize_connections":[],"jetpack_featured_media_url":"https:\/\/portaltactica.com\/wp-content\/uploads\/2022\/11\/3-10.jpg","jetpack_sharing_enabled":true,"_links":{"self":[{"href":"https:\/\/portaltactica.com\/index.php?rest_route=\/wp\/v2\/posts\/63874","targetHints":{"allow":["GET"]}}],"collection":[{"href":"https:\/\/portaltactica.com\/index.php?rest_route=\/wp\/v2\/posts"}],"about":[{"href":"https:\/\/portaltactica.com\/index.php?rest_route=\/wp\/v2\/types\/post"}],"author":[{"embeddable":true,"href":"https:\/\/portaltactica.com\/index.php?rest_route=\/wp\/v2\/users\/2"}],"replies":[{"embeddable":true,"href":"https:\/\/portaltactica.com\/index.php?rest_route=%2Fwp%2Fv2%2Fcomments&post=63874"}],"version-history":[{"count":2,"href":"https:\/\/portaltactica.com\/index.php?rest_route=\/wp\/v2\/posts\/63874\/revisions"}],"predecessor-version":[{"id":63878,"href":"https:\/\/portaltactica.com\/index.php?rest_route=\/wp\/v2\/posts\/63874\/revisions\/63878"}],"wp:featuredmedia":[{"embeddable":true,"href":"https:\/\/portaltactica.com\/index.php?rest_route=\/wp\/v2\/media\/63875"}],"wp:attachment":[{"href":"https:\/\/portaltactica.com\/index.php?rest_route=%2Fwp%2Fv2%2Fmedia&parent=63874"}],"wp:term":[{"taxonomy":"category","embeddable":true,"href":"https:\/\/portaltactica.com\/index.php?rest_route=%2Fwp%2Fv2%2Fcategories&post=63874"},{"taxonomy":"post_tag","embeddable":true,"href":"https:\/\/portaltactica.com\/index.php?rest_route=%2Fwp%2Fv2%2Ftags&post=63874"}],"curies":[{"name":"wp","href":"https:\/\/api.w.org\/{rel}","templated":true}]}}