{"id":63526,"date":"2022-11-09T19:36:06","date_gmt":"2022-11-10T02:36:06","guid":{"rendered":"https:\/\/portaltactica.com\/?p=63526"},"modified":"2022-11-09T19:36:09","modified_gmt":"2022-11-10T02:36:09","slug":"ponen-en-marcha-el-congreso-internacional-sobre-violencias-2022","status":"publish","type":"post","link":"https:\/\/portaltactica.com\/?p=63526","title":{"rendered":"Ponen en marcha el Congreso Internacional sobre Violencias 2022"},"content":{"rendered":"\n<p>La Universidad Aut\u00f3noma de Sinaloa (UAS) a trav\u00e9s de la Facultad de Filosof\u00eda y Letras y del proyecto CONACyT PRONACES 319127 Cultura, narcotr\u00e1fico, violencias y juvenicidios. An\u00e1lisis para su comprensi\u00f3n, incidencia y transformaci\u00f3n, puso en marcha en las instalaciones de la Torre Acad\u00e9mica Culiac\u00e1n, los trabajos del Congreso Internacional sobre Violencias 2022.<\/p>\n\n\n\n<p>En su mensaje, el coordinador del congreso y director de Editorial UAS, doctor Juan Carlos Ayala Barr\u00f3n, describi\u00f3 al evento como el congreso del debate, de la discusi\u00f3n, de la propuesta y de la esperanza, pues en \u00e9l se re\u00fanen especialistas de diferentes latitudes de M\u00e9xico y del mundo, que con sus aportes contribuir\u00e1n a la generaci\u00f3n de propuestas que puedan convertirse en pol\u00edticas p\u00fablicas.<\/p>\n\n\n\n<p>\u201cEl hecho de que est\u00e9n aqu\u00ed compa\u00f1eros que vienen de otros pa\u00edses de Brasil, Colombia, Argentina, de El Salvador, de Espa\u00f1a, Canad\u00e1, de Estados Unidos, significa mucho porque quiere decir tambi\u00e9n que comparten un horizonte problem\u00e1tico igual que el nuestro, pero de igual manera tambi\u00e9n igual que nosotros comparten un horizonte de esperanza\u201d, expres\u00f3.<\/p>\n\n\n\n<p>En representaci\u00f3n del Rector de la UAS, doctor Jes\u00fas Madue\u00f1a Molina, asisti\u00f3 en su car\u00e1cter de Vicerrector de la Unidad Regional Centro, doctor Jos\u00e9 de Jes\u00fas Zazueta Morales, quien al dar la bienvenida, resalt\u00f3 la importancia de trabajar y crear este tipo de espacios desde la academia para reflexionar sobre los temas de violencia que afectan la vida del pa\u00eds.<\/p>\n\n\n\n<p>\u201cEn nuestro Plan de Desarrollo Institucional Con Visi\u00f3n de Futuro 2025, el Rector ha dejado patente a lo largo de los 6 Ejes Estrat\u00e9gicos, proporcionar una mayor capacitaci\u00f3n a nuestros docentes y lograr una formaci\u00f3n integral de nuestros estudiantes, todo ello con un sentido humanista y con esta visi\u00f3n se podr\u00e1 contribuir en la formaci\u00f3n de una sociedad con menos violencia\u201d, mencion\u00f3.<\/p>\n\n\n\n<p>Asimismo, en la ceremonia inaugural, estuvo presente la titular de la Secretar\u00eda de las Mujeres en Sinaloa, doctora Mar\u00eda Teresa Guerra Ochoa, en representaci\u00f3n del Gobernador del Estado de Sinaloa, doctor Rub\u00e9n Rocha Moya, quien al hacer referencia de las estad\u00edsticas de la violencia contra la mujer, se\u00f1al\u00f3 que desde el gobierno se da puntual seguimiento a temas como la paz y la seguridad, pero tambi\u00e9n a temas de investigaciones acad\u00e9micas que puedan fortalecer la seguridad y el bienestar de las familias.<\/p>\n\n\n\n<p>\u201cReconocemos los esfuerzos que se est\u00e1n haciendo en la Universidad Aut\u00f3noma de Sinaloa con todo su cuerpo acad\u00e9mico con este tipo de an\u00e1lisis que, sin duda, puedan enriquecer las acciones y las propuestas que vengan desde el Gobierno del Estado para responderles a las y los sinaloenses en las demandas de seguridad\u201d, enfatiz\u00f3.<\/p>\n\n\n\n<p>Por su parte el director de la Facultad de Filosof\u00eda y Letras, maestro Orlando Espinoza D\u00edaz, al definir la palabra violencia, agradeci\u00f3 la asistencia de los presentes, indicando que el congreso dar\u00e1 pie a desarrollar nuevas herramientas para atender, comprender y abordar la violencia.<\/p>\n\n\n\n<p>Cabe mencionar que en el protocolo de inauguraci\u00f3n tambi\u00e9n se sign\u00f3 convenio de colaboraci\u00f3n con el Museo Interactivo sobre las Adicciones (MIA), adem\u00e1s se hizo entrega de tres drones a los colectivos de rastreadoras \u201cSabuesos Guerreras\u201d y \u201cTesoros Perdidos\u201d, quienes agradecieron a la instituci\u00f3n por el equipamiento que les ser\u00e1 de gran utilidad para desempe\u00f1ar tan loable labor.<\/p>\n<div class='share-to-whatsapp-wrapper'><div class='share-on-whsp'>Share on: <\/div><a data-text='Ponen en marcha el Congreso Internacional sobre Violencias 2022' data-link='https:\/\/portaltactica.com\/?p=63526' class='whatsapp-button whatsapp-share'>WhatsApp<\/a><div class='clear '><\/div><\/div>","protected":false},"excerpt":{"rendered":"<p>La Universidad Aut\u00f3noma de Sinaloa (UAS) a trav\u00e9s de la Facultad de Filosof\u00eda y Letras y del proyecto CONACyT PRONACES 319127&hellip;<\/p>\n","protected":false},"author":1,"featured_media":63527,"comment_status":"closed","ping_status":"closed","sticky":false,"template":"","format":"standard","meta":{"advanced_seo_description":"","jetpack_seo_html_title":"","jetpack_seo_noindex":false,"_jetpack_memberships_contains_paid_content":false,"footnotes":"","jetpack_publicize_message":"","jetpack_publicize_feature_enabled":true,"jetpack_social_post_already_shared":true,"jetpack_social_options":{"image_generator_settings":{"template":"highway","default_image_id":0,"font":"","enabled":false},"version":2}},"categories":[947],"tags":[558],"class_list":["post-63526","post","type-post","status-publish","format-standard","has-post-thumbnail","hentry","category-universidad","tag-uas"],"jetpack_publicize_connections":[],"jetpack_featured_media_url":"https:\/\/portaltactica.com\/wp-content\/uploads\/2022\/11\/grande_540072001668031767.jpg","jetpack_sharing_enabled":true,"_links":{"self":[{"href":"https:\/\/portaltactica.com\/index.php?rest_route=\/wp\/v2\/posts\/63526","targetHints":{"allow":["GET"]}}],"collection":[{"href":"https:\/\/portaltactica.com\/index.php?rest_route=\/wp\/v2\/posts"}],"about":[{"href":"https:\/\/portaltactica.com\/index.php?rest_route=\/wp\/v2\/types\/post"}],"author":[{"embeddable":true,"href":"https:\/\/portaltactica.com\/index.php?rest_route=\/wp\/v2\/users\/1"}],"replies":[{"embeddable":true,"href":"https:\/\/portaltactica.com\/index.php?rest_route=%2Fwp%2Fv2%2Fcomments&post=63526"}],"version-history":[{"count":1,"href":"https:\/\/portaltactica.com\/index.php?rest_route=\/wp\/v2\/posts\/63526\/revisions"}],"predecessor-version":[{"id":63528,"href":"https:\/\/portaltactica.com\/index.php?rest_route=\/wp\/v2\/posts\/63526\/revisions\/63528"}],"wp:featuredmedia":[{"embeddable":true,"href":"https:\/\/portaltactica.com\/index.php?rest_route=\/wp\/v2\/media\/63527"}],"wp:attachment":[{"href":"https:\/\/portaltactica.com\/index.php?rest_route=%2Fwp%2Fv2%2Fmedia&parent=63526"}],"wp:term":[{"taxonomy":"category","embeddable":true,"href":"https:\/\/portaltactica.com\/index.php?rest_route=%2Fwp%2Fv2%2Fcategories&post=63526"},{"taxonomy":"post_tag","embeddable":true,"href":"https:\/\/portaltactica.com\/index.php?rest_route=%2Fwp%2Fv2%2Ftags&post=63526"}],"curies":[{"name":"wp","href":"https:\/\/api.w.org\/{rel}","templated":true}]}}