{"id":63502,"date":"2022-11-08T19:13:00","date_gmt":"2022-11-09T02:13:00","guid":{"rendered":"https:\/\/portaltactica.com\/?p=63502"},"modified":"2022-11-09T19:15:21","modified_gmt":"2022-11-10T02:15:21","slug":"rector-inaugura-los-trabajos-de-aniversario-de-la-asociacion-farmaceutica-mexicana-representacion-estudiantil-sinaloa","status":"publish","type":"post","link":"https:\/\/portaltactica.com\/?p=63502","title":{"rendered":"Rector inaugura los trabajos de aniversario de la Asociaci\u00f3n Farmac\u00e9utica Mexicana Representaci\u00f3n Estudiantil Sinaloa"},"content":{"rendered":"\n<p>El nuevo Modelo Educativo UAS 2022, presentado recientemente, es perfectamente compatible con el esp\u00edritu de la Representaci\u00f3n Estudiantil Sinaloa de la Asociaci\u00f3n Farmac\u00e9utica Mexicana, expres\u00f3 el Rector de la Universidad Aut\u00f3noma de Sinaloa (UAS), doctor Jes\u00fas Madue\u00f1a Molina, al inaugurar los trabajos del Programa Acad\u00e9mico del XXVIII Aniversario de dicha Asociaci\u00f3n.<\/p>\n\n\n\n<p>En el auditorio \u201cMC. H\u00e9ctor Melesio Cu\u00e9n Ojeda\u201d de la Facultad de Contadur\u00eda y Administraci\u00f3n (FCA) el Rector se\u00f1al\u00f3 que el nuevo Modelo Educativo parte de una concepci\u00f3n constructivista, donde el estudiante es el componente m\u00e1s importante del fen\u00f3meno educativo, habilitado para gestionar sus aprendizajes y para apropiarse del conocimiento de manera significativa.<\/p>\n\n\n\n<p>\u201cSon ustedes j\u00f3venes que no se conforman con recibir las lecciones y pr\u00e1cticas, sino que han decidido dar un paso m\u00e1s, para ser l\u00edderes en su formaci\u00f3n como profesionistas, lo que, al mismo tiempo, los convierte en mejores ciudadanos, mucho me complace extenderles la m\u00e1s sincera de las felicitaciones, y desearles el mayor de los \u00e9xitos en el programa acad\u00e9mico, cultural y deportivo que han elaborado para esta celebraci\u00f3n\u201d, dijo.<\/p>\n\n\n\n<p>El Rector de la UAS felicit\u00f3 a las y los estudiantes que asisten a este ciclo de conferencias y los exhort\u00f3 a seguir dando lo mejor para hacer de su disciplina un terreno f\u00e9rtil para la innovaci\u00f3n, un espacio para la sensibilidad social y la solidaridad humana.<\/p>\n\n\n\n<p>En el marco de este evento, el director de Bienes e Inventarios de la UAS, doctor H\u00e9ctor Melesio Cu\u00e9n D\u00edaz recibi\u00f3 un reconocimiento por su invaluable labor y apoyo a la Asociaci\u00f3n que fue entregado por la Coordinadora Acad\u00e9mica de la Asociaci\u00f3n Farmac\u00e9utica Mexicana Representaci\u00f3n Estudiantil Sinaloa, doctora Gloria Marisol Casta\u00f1eda Ruelas.<\/p>\n\n\n\n<p>El director de la Facultad de Ciencias Qu\u00edmico Biol\u00f3gicas (FCQB), doctor Eusiel Rubio Castro, se\u00f1al\u00f3 que la constancia es la que ha logrado mantener unida a esta Asociaci\u00f3n, donde la experiencia profesional es lo que m\u00e1s destaca, y consider\u00f3 que los eventos programados coadyuvar\u00e1n en la formaci\u00f3n t\u00e9cnico acad\u00e9mica de los estudiantes.<\/p>\n\n\n\n<p>Por su parte la Coordinadora General de la Asociaci\u00f3n, alumna Kenia Julissa Alzate Partida, expres\u00f3 que vale la pena el esfuerzo y el tiempo que se dedica para organizar este tipo de eventos.<\/p>\n\n\n\n<p>La primera actividad que dio inicio al Programa fue la Conferencia Magistral titulada \u201cLa Industria farmac\u00e9utica y COVID-19\u201d, impartida por el exrector de la UAS, maestro H\u00e9ctor Melesio Cu\u00e9n Ojeda.<\/p>\n<div class='share-to-whatsapp-wrapper'><div class='share-on-whsp'>Share on: <\/div><a data-text='Rector inaugura los trabajos de aniversario de la Asociaci\u00f3n Farmac\u00e9utica Mexicana Representaci\u00f3n Estudiantil Sinaloa' data-link='https:\/\/portaltactica.com\/?p=63502' class='whatsapp-button whatsapp-share'>WhatsApp<\/a><div class='clear '><\/div><\/div>","protected":false},"excerpt":{"rendered":"<p>El nuevo Modelo Educativo UAS 2022, presentado recientemente, es perfectamente compatible con el esp\u00edritu de la Representaci\u00f3n Estudiantil Sinaloa de la&hellip;<\/p>\n","protected":false},"author":1,"featured_media":63503,"comment_status":"closed","ping_status":"closed","sticky":false,"template":"","format":"standard","meta":{"advanced_seo_description":"","jetpack_seo_html_title":"","jetpack_seo_noindex":false,"_jetpack_memberships_contains_paid_content":false,"footnotes":"","jetpack_publicize_message":"","jetpack_publicize_feature_enabled":true,"jetpack_social_post_already_shared":true,"jetpack_social_options":{"image_generator_settings":{"template":"highway","default_image_id":0,"font":"","enabled":false},"version":2}},"categories":[949],"tags":[558],"class_list":["post-63502","post","type-post","status-publish","format-standard","has-post-thumbnail","hentry","category-destacado-mi-sinaloa","tag-uas"],"jetpack_publicize_connections":[],"jetpack_featured_media_url":"https:\/\/portaltactica.com\/wp-content\/uploads\/2022\/11\/grande_801023001667966122.jpg","jetpack_sharing_enabled":true,"_links":{"self":[{"href":"https:\/\/portaltactica.com\/index.php?rest_route=\/wp\/v2\/posts\/63502","targetHints":{"allow":["GET"]}}],"collection":[{"href":"https:\/\/portaltactica.com\/index.php?rest_route=\/wp\/v2\/posts"}],"about":[{"href":"https:\/\/portaltactica.com\/index.php?rest_route=\/wp\/v2\/types\/post"}],"author":[{"embeddable":true,"href":"https:\/\/portaltactica.com\/index.php?rest_route=\/wp\/v2\/users\/1"}],"replies":[{"embeddable":true,"href":"https:\/\/portaltactica.com\/index.php?rest_route=%2Fwp%2Fv2%2Fcomments&post=63502"}],"version-history":[{"count":1,"href":"https:\/\/portaltactica.com\/index.php?rest_route=\/wp\/v2\/posts\/63502\/revisions"}],"predecessor-version":[{"id":63504,"href":"https:\/\/portaltactica.com\/index.php?rest_route=\/wp\/v2\/posts\/63502\/revisions\/63504"}],"wp:featuredmedia":[{"embeddable":true,"href":"https:\/\/portaltactica.com\/index.php?rest_route=\/wp\/v2\/media\/63503"}],"wp:attachment":[{"href":"https:\/\/portaltactica.com\/index.php?rest_route=%2Fwp%2Fv2%2Fmedia&parent=63502"}],"wp:term":[{"taxonomy":"category","embeddable":true,"href":"https:\/\/portaltactica.com\/index.php?rest_route=%2Fwp%2Fv2%2Fcategories&post=63502"},{"taxonomy":"post_tag","embeddable":true,"href":"https:\/\/portaltactica.com\/index.php?rest_route=%2Fwp%2Fv2%2Ftags&post=63502"}],"curies":[{"name":"wp","href":"https:\/\/api.w.org\/{rel}","templated":true}]}}