{"id":63181,"date":"2022-11-03T09:56:22","date_gmt":"2022-11-03T16:56:22","guid":{"rendered":"https:\/\/portaltactica.com\/?p=63181"},"modified":"2022-11-03T09:56:26","modified_gmt":"2022-11-03T16:56:26","slug":"kyrie-irving-y-los-nets-se-comprometen-a-donar-1-millon-de-dolares-tras-las-criticas-por-antisemitismo","status":"publish","type":"post","link":"https:\/\/portaltactica.com\/?p=63181","title":{"rendered":"Kyrie Irving y los Nets se comprometen a donar 1 mill\u00f3n de d\u00f3lares tras las cr\u00edticas por antisemitismo"},"content":{"rendered":"\n<p>Los Brooklyn Nets y Kyrie Irving se han comprometido a donar 1 mill\u00f3n de d\u00f3lares para combatir el &#8220;odio y la intolerancia&#8221; despu\u00e9s de que se le criticara por compartir un enlace sobre una pel\u00edcula con tropos antisemitas.<\/p>\n\n\n\n<p>En una declaraci\u00f3n conjunta, Irving, de 30 a\u00f1os, dijo que &#8220;no ten\u00eda intenci\u00f3n de hacer da\u00f1o&#8221;, pero no se disculp\u00f3 por la publicaci\u00f3n en las redes sociales.<\/p>\n\n\n\n<p>Algunos aficionados llevaban camisetas con el lema &#8220;Lucha contra el antisemitismo&#8221; en el partido de los Nets contra los Pacers de Indiana el lunes.<\/p>\n\n\n\n<p>Irving dijo que no todo en la pel\u00edcula reflejaba su &#8220;moral y principios&#8221;.<\/p>\n\n\n\n<p>El siete veces All-Star de la NBA a\u00f1adi\u00f3: &#8220;Me opongo a todas las formas de odio y opresi\u00f3n y me mantengo firme con las comunidades que son marginadas y afectadas cada d\u00eda&#8221;.<\/p>\n\n\n\n<p>&#8220;Soy consciente del impacto negativo de mi post hacia la comunidad jud\u00eda y asumo la responsabilidad.<\/p>\n\n\n\n<p>&#8220;No creo que todo lo que se dice en el documental sea cierto o refleje mi moral y mis principios.<\/p>\n\n\n\n<p>&#8220;Soy un ser humano que aprende de todos los \u00e1mbitos de la vida y pretendo hacerlo con la mente abierta y la voluntad de escuchar. As\u00ed que, de parte de mi familia y m\u00eda, no pretendemos perjudicar a ning\u00fan grupo, raza o religi\u00f3n de personas, y s\u00f3lo deseamos ser un faro de verdad y luz&#8221;.<\/p>\n\n\n\n<p>El club y el guardia Irving colaborar\u00e1n con la Liga Antidifamaci\u00f3n (ADL), una organizaci\u00f3n sin \u00e1nimo de lucro que lucha contra todas las formas de antisemitismo y prejuicios, para desarrollar la educaci\u00f3n en la comunidad.<\/p>\n\n\n\n<p>Cada uno de ellos donar\u00e1 500.000 d\u00f3lares (440.000 libras) a causas y organizaciones &#8220;que trabajan para erradicar el odio y la intolerancia&#8221;.<\/p>\n\n\n\n<p>La semana pasada, el propietario de los Nets, Joe Tsai, dijo que estaba &#8220;decepcionado&#8221; por el hecho de que Irving llamara la atenci\u00f3n sobre una pel\u00edcula que, seg\u00fan \u00e9l, estaba &#8220;llena de desinformaci\u00f3n antisemita&#8221;, mientras que la tambi\u00e9n NBA emiti\u00f3 un comunicado en el que condenaba todas las formas de discurso de odio.<\/p>\n\n\n\n<p>Irving respondi\u00f3 diciendo que abraza &#8220;todas las religiones&#8221; y que &#8220;la etiqueta &#8216;antisemita&#8217; estaba siendo empujada&#8221; sobre \u00e9l injustificadamente.<\/p>\n\n\n\n<p>&#8220;Los acontecimientos de la semana pasada han provocado muchas emociones en la organizaci\u00f3n de los Nets, en nuestra comunidad de Brooklyn y en la naci\u00f3n&#8221;, dice el comunicado.<\/p>\n\n\n\n<p>El discurso p\u00fablico que sigui\u00f3 ha tra\u00eddo una mayor conciencia de los desaf\u00edos que enfrentamos como sociedad cuando se trata de combatir el odio y el discurso&#8221;.<\/p>\n\n\n\n<p>&#8220;Estamos preparados para asumir este reto de acci\u00f3n y reconocemos que este es un momento \u00fanico para lograr un impacto duradero&#8221;.<\/p>\n\n\n\n<p>En la NBA el mi\u00e9rcoles, Giannis Antetokounmpo anot\u00f3 32 puntos, 12 rebotes y cinco intercepciones y los Milwaukee Bucks empataron un r\u00e9cord de la franquicia por su mejor inicio tras vencer a Detroit Pistons por segunda vez en tres noches, 116-91.<\/p>\n\n\n\n<p>Donovan Mitchell anot\u00f3 nueve puntos consecutivos en los \u00faltimos tres minutos del tiempo reglamentario y termin\u00f3 con 25 en total para llevar a los Cavaliers de Cleveland a otra victoria en la pr\u00f3rroga sobre los Celtics de Boston, 114-113.<\/p>\n\n\n\n<p>Darius Garland, de los Cavaliers, regres\u00f3 de una ausencia de cinco partidos causada por una lesi\u00f3n en el ojo para a\u00f1adir 29 puntos y 12 asistencias, lo mejor del equipo.<\/p>\n<div class='share-to-whatsapp-wrapper'><div class='share-on-whsp'>Share on: <\/div><a data-text='Kyrie Irving y los Nets se comprometen a donar 1 mill\u00f3n de d\u00f3lares tras las cr\u00edticas por antisemitismo' data-link='https:\/\/portaltactica.com\/?p=63181' class='whatsapp-button whatsapp-share'>WhatsApp<\/a><div class='clear '><\/div><\/div>","protected":false},"excerpt":{"rendered":"<p>Los Brooklyn Nets y Kyrie Irving se han comprometido a donar 1 mill\u00f3n de d\u00f3lares para combatir el &#8220;odio y la&hellip;<\/p>\n","protected":false},"author":2,"featured_media":63182,"comment_status":"closed","ping_status":"closed","sticky":false,"template":"","format":"standard","meta":{"advanced_seo_description":"","jetpack_seo_html_title":"","jetpack_seo_noindex":false,"_jetpack_memberships_contains_paid_content":false,"footnotes":"","jetpack_publicize_message":"","jetpack_publicize_feature_enabled":true,"jetpack_social_post_already_shared":true,"jetpack_social_options":{"image_generator_settings":{"template":"highway","default_image_id":0,"font":"","enabled":false},"version":2}},"categories":[1898],"tags":[1342,109],"class_list":["post-63181","post","type-post","status-publish","format-standard","has-post-thumbnail","hentry","category-destacado-internacional","tag-kyrie-irving","tag-nba"],"jetpack_publicize_connections":[],"jetpack_featured_media_url":"https:\/\/portaltactica.com\/wp-content\/uploads\/2022\/11\/2-2.jpg","jetpack_sharing_enabled":true,"_links":{"self":[{"href":"https:\/\/portaltactica.com\/index.php?rest_route=\/wp\/v2\/posts\/63181","targetHints":{"allow":["GET"]}}],"collection":[{"href":"https:\/\/portaltactica.com\/index.php?rest_route=\/wp\/v2\/posts"}],"about":[{"href":"https:\/\/portaltactica.com\/index.php?rest_route=\/wp\/v2\/types\/post"}],"author":[{"embeddable":true,"href":"https:\/\/portaltactica.com\/index.php?rest_route=\/wp\/v2\/users\/2"}],"replies":[{"embeddable":true,"href":"https:\/\/portaltactica.com\/index.php?rest_route=%2Fwp%2Fv2%2Fcomments&post=63181"}],"version-history":[{"count":1,"href":"https:\/\/portaltactica.com\/index.php?rest_route=\/wp\/v2\/posts\/63181\/revisions"}],"predecessor-version":[{"id":63183,"href":"https:\/\/portaltactica.com\/index.php?rest_route=\/wp\/v2\/posts\/63181\/revisions\/63183"}],"wp:featuredmedia":[{"embeddable":true,"href":"https:\/\/portaltactica.com\/index.php?rest_route=\/wp\/v2\/media\/63182"}],"wp:attachment":[{"href":"https:\/\/portaltactica.com\/index.php?rest_route=%2Fwp%2Fv2%2Fmedia&parent=63181"}],"wp:term":[{"taxonomy":"category","embeddable":true,"href":"https:\/\/portaltactica.com\/index.php?rest_route=%2Fwp%2Fv2%2Fcategories&post=63181"},{"taxonomy":"post_tag","embeddable":true,"href":"https:\/\/portaltactica.com\/index.php?rest_route=%2Fwp%2Fv2%2Ftags&post=63181"}],"curies":[{"name":"wp","href":"https:\/\/api.w.org\/{rel}","templated":true}]}}