{"id":63113,"date":"2022-11-01T15:52:58","date_gmt":"2022-11-01T22:52:58","guid":{"rendered":"https:\/\/portaltactica.com\/?p=63113"},"modified":"2022-11-01T15:53:02","modified_gmt":"2022-11-01T22:53:02","slug":"mejoria-en-relacion-a-la-lesion-de-jimenez-le-da-esperanzas-de-asistir-a-qatar-2022","status":"publish","type":"post","link":"https:\/\/portaltactica.com\/?p=63113","title":{"rendered":"Mejor\u00eda en relaci\u00f3n a la lesi\u00f3n de Jim\u00e9nez le da esperanzas de asistir a Qatar 2022"},"content":{"rendered":"\n<p>Las dos semanas que estuvo Ra\u00fal Jim\u00e9nez con la Selecci\u00f3n Mexicana en el Centro de Alto Rendimiento en la Ciudad de M\u00e9xico, le sirvieron para tener una clara mejor\u00eda con respecto a la lesi\u00f3n en el pubis que tiene desde agosto, al grado de que las noticias son m\u00e1s que alentadoras en el seno Tricolor de cara al Mundial de Qatar 2022. <\/p>\n\n\n\n<p>Esta mejor\u00eda en su estado de salud, lo coloca con grandes posibilidades de figurar en la lista definitiva de 26 jugadores que dar\u00e1 a conocer Gerardo Martino el pr\u00f3ximo 14 de noviembre.&nbsp; <\/p>\n\n\n\n<p>Ello debido a que fuentes\u00a0pudieron saber que en el selectivo mexicano consideran que Ra\u00fal Jim\u00e9nez &#8220;est\u00e1 bastante mejorado&#8221; de su lesi\u00f3n y lo ven disputando la Copa del Mundo. <\/p>\n\n\n\n<p>Una prueba m\u00e1s de su avance se vivi\u00f3 este martes, cuando el nacido en Tepeji del R\u00edo, se uni\u00f3 al Wolverhampton para tener una evaluaci\u00f3n por parte del cuerpo m\u00e9dicos del club y continuar con su rehabilitaci\u00f3n. Los avances del ariete siguen dejando satisfechos a los ingleses e incluso presumieron que Jim\u00e9nez avanza en su recuperaci\u00f3n. <\/p>\n\n\n\n<p>Y es que en las redes sociales de los Wolves se enalteci\u00f3 el regreso de su goleador, se le vio tocando el bal\u00f3n y con un semblante en el rostro de mucha esperanza, contrario a lo que vivi\u00f3 hace unos meses con la Selecci\u00f3n Mexicana, donde todo era frustraci\u00f3n para el ariete en la gira que tuvo que el Tri por Estados Unidos en la pasada Fecha FIFA. <\/p>\n\n\n\n<figure class=\"wp-block-embed is-type-rich is-provider-twitter wp-block-embed-twitter\"><div class=\"wp-block-embed__wrapper\">\n<blockquote class=\"twitter-tweet\" data-width=\"550\" data-dnt=\"true\"><p lang=\"es\" dir=\"ltr\">\u00a1ADIVINEN QUI\u00c9N EST\u00c1 DE REGRESO! \ud83c\uddf2\ud83c\uddfd\ud83d\udc3a\u26bd\ufe0f <a href=\"https:\/\/t.co\/E8aJhyjd1L\">pic.twitter.com\/E8aJhyjd1L<\/a><\/p>&mdash; Wolves Espa\u00f1ol (@WolvesEspanol) <a href=\"https:\/\/twitter.com\/WolvesEspanol\/status\/1587498956690530309?ref_src=twsrc%5Etfw\">November 1, 2022<\/a><\/blockquote><script async src=\"https:\/\/platform.twitter.com\/widgets.js\" charset=\"utf-8\"><\/script>\n<\/div><\/figure>\n\n\n\n<p>Ser\u00e1 en los pr\u00f3ximos d\u00edas cuando Jim\u00e9nez regrese a la concentraci\u00f3n de la Selecci\u00f3n Mexicana en Girona. Y ser\u00e1 ah\u00ed, ante todo el plantel, donde podr\u00e1 demostrar todo lo que ha avanzado y determinar si est\u00e1 listo para sellar su pasaje para la Copa del Mundo de Qatar 2022. <\/p>\n\n\n\n<p>Los Wolves impulsan a Ra\u00fal Jim\u00e9nez <\/p>\n\n\n\n<p>El club ingl\u00e9s ha dado todas las facilidades para que Ra\u00fal Jim\u00e9nez se recupere y pueda ir al Mundial, por ello le permitieron viajar a M\u00e9xico para que hiciera parte de su recuperaci\u00f3n con el Tri y estar cerca de su familia, pues confiaron en que todo ello sumar\u00eda para superar la lesi\u00f3n, ya que los Wolves tambi\u00e9n tienen gran inter\u00e9s en que el mexicano recupere su mejor versi\u00f3n para que cuando regrese de Qatar y se integre al equipo. <\/p>\n\n\n\n<p>\u201cSer\u00e1 bueno tenerlo de vuelta, pero no hay fecha (para que pueda jugar). En M\u00e9xico va a ser igual, lo van a querer en forma y disponible para el Mundial. Si est\u00e1 en forma y juega (el Mundial) es casi como una pretemporada para \u00e9l, regresar\u00e1 al nivel y a la calidad en la que necesita estar. Ojal\u00e1 le vaya bien si lo consigue, que marque goles y regrese con confianza&#8221;, indic\u00f3 hace unos d\u00edas Steve Davis, estratega interino del Wolverhampton. <\/p>\n\n\n\n<p class=\"has-medium-font-size\"><strong>Santi Gim\u00e9nez ser\u00eda el sacrificado <\/strong><\/p>\n\n\n\n<p>En la mente del Tata Martino est\u00e1 la idea de que si Raul Jim\u00e9nez supera la pubalgia que tiene, el sacrificado en la lista final ser\u00e1 Santiago Gim\u00e9nez, elemento del Feyenoord de Pa\u00edses Bajos. <\/p>\n\n\n\n<p>Esta decisi\u00f3n ser\u00e1 tomada en los siguientes d\u00edas, ya que a pesar de la mejor\u00eda de Ra\u00fal, \u00e9ste deber\u00e1 mostrar que puede jugar en el partido amistoso contra Suecia del pr\u00f3ximo 16 de noviembre en Girona, Espa\u00f1a. <\/p>\n\n\n\n<p>Si bien hay un ultim\u00e1tum para el canterano del Am\u00e9rica, el Tata puede hacer cambios a la lista final hasta 24 horas antes del primer partido de la Copa del Mundo que ser\u00e1 contra Polonia el 22 de noviembre. <\/p>\n<div class='share-to-whatsapp-wrapper'><div class='share-on-whsp'>Share on: <\/div><a data-text='Mejor\u00eda en relaci\u00f3n a la lesi\u00f3n de Jim\u00e9nez le da esperanzas de asistir a Qatar 2022' data-link='https:\/\/portaltactica.com\/?p=63113' class='whatsapp-button whatsapp-share'>WhatsApp<\/a><div class='clear '><\/div><\/div>","protected":false},"excerpt":{"rendered":"<p>Las dos semanas que estuvo Ra\u00fal Jim\u00e9nez con la Selecci\u00f3n Mexicana en el Centro de Alto Rendimiento en la Ciudad de&hellip;<\/p>\n","protected":false},"author":2,"featured_media":63114,"comment_status":"closed","ping_status":"closed","sticky":false,"template":"","format":"standard","meta":{"advanced_seo_description":"","jetpack_seo_html_title":"","jetpack_seo_noindex":false,"_jetpack_memberships_contains_paid_content":false,"footnotes":"","jetpack_publicize_message":"","jetpack_publicize_feature_enabled":true,"jetpack_social_post_already_shared":true,"jetpack_social_options":{"image_generator_settings":{"template":"highway","default_image_id":0,"font":"","enabled":false},"version":2}},"categories":[1897],"tags":[589,257],"class_list":["post-63113","post","type-post","status-publish","format-standard","has-post-thumbnail","hentry","category-destacado-nacional","tag-qatar-2022","tag-raul-jimenez-2"],"jetpack_publicize_connections":[],"jetpack_featured_media_url":"https:\/\/portaltactica.com\/wp-content\/uploads\/2022\/11\/10.jpg","jetpack_sharing_enabled":true,"_links":{"self":[{"href":"https:\/\/portaltactica.com\/index.php?rest_route=\/wp\/v2\/posts\/63113","targetHints":{"allow":["GET"]}}],"collection":[{"href":"https:\/\/portaltactica.com\/index.php?rest_route=\/wp\/v2\/posts"}],"about":[{"href":"https:\/\/portaltactica.com\/index.php?rest_route=\/wp\/v2\/types\/post"}],"author":[{"embeddable":true,"href":"https:\/\/portaltactica.com\/index.php?rest_route=\/wp\/v2\/users\/2"}],"replies":[{"embeddable":true,"href":"https:\/\/portaltactica.com\/index.php?rest_route=%2Fwp%2Fv2%2Fcomments&post=63113"}],"version-history":[{"count":2,"href":"https:\/\/portaltactica.com\/index.php?rest_route=\/wp\/v2\/posts\/63113\/revisions"}],"predecessor-version":[{"id":63116,"href":"https:\/\/portaltactica.com\/index.php?rest_route=\/wp\/v2\/posts\/63113\/revisions\/63116"}],"wp:featuredmedia":[{"embeddable":true,"href":"https:\/\/portaltactica.com\/index.php?rest_route=\/wp\/v2\/media\/63114"}],"wp:attachment":[{"href":"https:\/\/portaltactica.com\/index.php?rest_route=%2Fwp%2Fv2%2Fmedia&parent=63113"}],"wp:term":[{"taxonomy":"category","embeddable":true,"href":"https:\/\/portaltactica.com\/index.php?rest_route=%2Fwp%2Fv2%2Fcategories&post=63113"},{"taxonomy":"post_tag","embeddable":true,"href":"https:\/\/portaltactica.com\/index.php?rest_route=%2Fwp%2Fv2%2Ftags&post=63113"}],"curies":[{"name":"wp","href":"https:\/\/api.w.org\/{rel}","templated":true}]}}