{"id":63081,"date":"2022-11-01T09:01:55","date_gmt":"2022-11-01T16:01:55","guid":{"rendered":"https:\/\/portaltactica.com\/?p=63081"},"modified":"2022-11-01T09:01:59","modified_gmt":"2022-11-01T16:01:59","slug":"nadal-no-voy-a-volver-para-pelear-con-alcaraz-por-el-puesto-del-numero-1","status":"publish","type":"post","link":"https:\/\/portaltactica.com\/?p=63081","title":{"rendered":"Nadal: &#8220;No voy a volver para pelear con Alcaraz por el puesto del n\u00famero 1&#8221;"},"content":{"rendered":"\n<p>Rafael Nadal dice que no ha vuelto al circuito para luchar con Carlos Alcaraz por el n\u00famero 1 del mundo, sino para ser &#8220;competitivo&#8221; en cada evento que juegue.<\/p>\n\n\n\n<p>Nadal, de 36 a\u00f1os, s\u00f3lo ha jugado la Copa Laver de dobles junto a Roger Federer desde que perdi\u00f3 en la cuarta ronda del US Open a principios de septiembre.<\/p>\n\n\n\n<p>No se sab\u00eda si volver\u00eda a jugar esta temporada, ya que luch\u00f3 contra una lesi\u00f3n abdominal en verano y recientemente fue padre por primera vez.<\/p>\n\n\n\n<p>Sin embargo, esta semana juega el Masters de Par\u00eds y tiene la posibilidad de convertirse en el n\u00famero 1 del a\u00f1o.<\/p>\n\n\n\n<p>Para ello, necesitar\u00e1 una buena semana en Par\u00eds -uno de los dos Masters que nunca ha ganado, junto con Miami- y tambi\u00e9n en las Nitto ATP Finals de Tur\u00edn.<\/p>\n\n\n\n<p>&#8220;Para ser claro, no voy a luchar m\u00e1s por ser el n\u00famero 1&#8221;, dijo Nadal antes de su partido inaugural el mi\u00e9rcoles contra Tommy Paul o Roberto Bautista Agut.<\/p>\n\n\n\n<p>&#8220;Lo hice en el pasado. Consegu\u00ed ese objetivo un par de veces en mi carrera y he estado muy, muy feliz y orgulloso de conseguirlo.<\/p>\n\n\n\n<p>&#8220;Pero estoy en un momento de mi carrera ten\u00edstica en el que no lucho por ser el n\u00famero 1. S\u00f3lo lucho por seguir siendo competitivo en cada evento que juego&#8221;.<\/p>\n\n\n\n<p>Nadal se convirti\u00f3 en el n\u00famero 1 del mundo por primera vez en el verano de 2008 y ha terminado cinco temporadas al frente de la clasificaci\u00f3n, las mismas que Roger Federer.<\/p>\n\n\n\n<p>Al reflexionar sobre su decisi\u00f3n de jugar y dejar a su hijo reci\u00e9n nacido, Nadal dijo: &#8220;Siempre ha sido dif\u00edcil salir de casa, para ser sincero. Ahora vuelve a ser diferente.<\/p>\n\n\n\n<p>&#8220;Despu\u00e9s de s\u00f3lo tres semanas conoci\u00e9ndolo empiezas a echarlo de menos. Es una experiencia nueva, todos los cambios son dif\u00edciles en esta vida y tienes que adaptarte a ellos, pero tenemos la suerte de que hoy en d\u00eda con la tecnolog\u00eda podemos hacer videollamadas cuando queramos, as\u00ed que eso ayuda.&#8221;<\/p>\n\n\n\n<figure class=\"wp-block-embed is-type-rich is-provider-twitter wp-block-embed-twitter\"><div class=\"wp-block-embed__wrapper\">\n<blockquote class=\"twitter-tweet\" data-width=\"550\" data-dnt=\"true\"><p lang=\"en\" dir=\"ltr\">An honor and a real pleasure <a href=\"https:\/\/twitter.com\/rogerfederer?ref_src=twsrc%5Etfw\">@rogerfederer<\/a> \ud83d\ude4c\ud83c\udffb <a href=\"https:\/\/t.co\/HMVnl1Iu9b\">https:\/\/t.co\/HMVnl1Iu9b<\/a><\/p>&mdash; Rafa Nadal (@RafaelNadal) <a href=\"https:\/\/twitter.com\/RafaelNadal\/status\/1572918603757789184?ref_src=twsrc%5Etfw\">September 22, 2022<\/a><\/blockquote><script async src=\"https:\/\/platform.twitter.com\/widgets.js\" charset=\"utf-8\"><\/script>\n<\/div><\/figure>\n\n\n\n<p>Nadal ha llegado a las semifinales en sus dos participaciones anteriores en el Masters de Par\u00eds, en 2019 y 2020.<\/p>\n\n\n\n<p>Solo ha ganado dos t\u00edtulos en pista dura cubierta (Madrid 2005 y Copa Davis 2019) y tiene un balance de 22-23 victorias y derrotas contra jugadores del top-10 en esta superficie.<\/p>\n\n\n\n<p>Preguntado por su estado de forma al llegar al torneo de Par\u00eds, donde ha ganado 14 veces el Abierto de Francia, dijo: &#8220;Estoy bien, estoy contento de estar de nuevo en la gira, en una ciudad muy importante para m\u00ed, como todo el mundo sabe.<\/p>\n\n\n\n<p>&#8220;Vamos a ver a nivel competitivo c\u00f3mo me desenvuelvo. En cuerpos mayores como el m\u00edo, es m\u00e1s f\u00e1cil saber c\u00f3mo van las cosas cuando est\u00e1s jugando torneos seguidos.<\/p>\n\n\n\n<p>&#8220;Cuando vuelves de un periodo de tiempo fuera de la competici\u00f3n, es dif\u00edcil saber c\u00f3mo vas a jugar, c\u00f3mo va a responder tu cuerpo porque es obvio que el nivel del circuito es diferente&#8221;.<\/p>\n<div class='share-to-whatsapp-wrapper'><div class='share-on-whsp'>Share on: <\/div><a data-text='Nadal: \"No voy a volver para pelear con Alcaraz por el puesto del n\u00famero 1\"' data-link='https:\/\/portaltactica.com\/?p=63081' class='whatsapp-button whatsapp-share'>WhatsApp<\/a><div class='clear '><\/div><\/div>","protected":false},"excerpt":{"rendered":"<p>Rafael Nadal dice que no ha vuelto al circuito para luchar con Carlos Alcaraz por el n\u00famero 1 del mundo, sino&hellip;<\/p>\n","protected":false},"author":2,"featured_media":63082,"comment_status":"closed","ping_status":"closed","sticky":false,"template":"","format":"standard","meta":{"advanced_seo_description":"","jetpack_seo_html_title":"","jetpack_seo_noindex":false,"_jetpack_memberships_contains_paid_content":false,"footnotes":"","jetpack_publicize_message":"","jetpack_publicize_feature_enabled":true,"jetpack_social_post_already_shared":true,"jetpack_social_options":{"image_generator_settings":{"template":"highway","default_image_id":0,"font":"","enabled":false},"version":2}},"categories":[1896],"tags":[78,77],"class_list":["post-63081","post","type-post","status-publish","format-standard","has-post-thumbnail","hentry","category-destacado-portada","tag-rafael-nadal","tag-tenis"],"jetpack_publicize_connections":[],"jetpack_featured_media_url":"https:\/\/portaltactica.com\/wp-content\/uploads\/2022\/11\/4.jpg","jetpack_sharing_enabled":true,"_links":{"self":[{"href":"https:\/\/portaltactica.com\/index.php?rest_route=\/wp\/v2\/posts\/63081","targetHints":{"allow":["GET"]}}],"collection":[{"href":"https:\/\/portaltactica.com\/index.php?rest_route=\/wp\/v2\/posts"}],"about":[{"href":"https:\/\/portaltactica.com\/index.php?rest_route=\/wp\/v2\/types\/post"}],"author":[{"embeddable":true,"href":"https:\/\/portaltactica.com\/index.php?rest_route=\/wp\/v2\/users\/2"}],"replies":[{"embeddable":true,"href":"https:\/\/portaltactica.com\/index.php?rest_route=%2Fwp%2Fv2%2Fcomments&post=63081"}],"version-history":[{"count":1,"href":"https:\/\/portaltactica.com\/index.php?rest_route=\/wp\/v2\/posts\/63081\/revisions"}],"predecessor-version":[{"id":63083,"href":"https:\/\/portaltactica.com\/index.php?rest_route=\/wp\/v2\/posts\/63081\/revisions\/63083"}],"wp:featuredmedia":[{"embeddable":true,"href":"https:\/\/portaltactica.com\/index.php?rest_route=\/wp\/v2\/media\/63082"}],"wp:attachment":[{"href":"https:\/\/portaltactica.com\/index.php?rest_route=%2Fwp%2Fv2%2Fmedia&parent=63081"}],"wp:term":[{"taxonomy":"category","embeddable":true,"href":"https:\/\/portaltactica.com\/index.php?rest_route=%2Fwp%2Fv2%2Fcategories&post=63081"},{"taxonomy":"post_tag","embeddable":true,"href":"https:\/\/portaltactica.com\/index.php?rest_route=%2Fwp%2Fv2%2Ftags&post=63081"}],"curies":[{"name":"wp","href":"https:\/\/api.w.org\/{rel}","templated":true}]}}