{"id":63041,"date":"2022-10-31T09:07:58","date_gmt":"2022-10-31T16:07:58","guid":{"rendered":"https:\/\/portaltactica.com\/?p=63041"},"modified":"2022-10-31T09:08:01","modified_gmt":"2022-10-31T16:08:01","slug":"charles-leclerc-dolido-por-su-actuacion-en-el-gp-de-mexico","status":"publish","type":"post","link":"https:\/\/portaltactica.com\/?p=63041","title":{"rendered":"Charles Leclerc &#8220;dolido&#8221; por su actuaci\u00f3n en el GP de M\u00e9xico"},"content":{"rendered":"\n<p>Charles Leclerc dice que se sinti\u00f3 &#8220;herido&#8221; por el rendimiento de Ferrari en el Gran Premio de M\u00e9xico, mientras que Paul Di Resta, admite que teme por el equipo tras su ca\u00edda en la F\u00f3rmula 1 en los \u00faltimos meses.<\/p>\n\n\n\n<p>Leclerc termin\u00f3 la carrera en el Aut\u00f3dromo Hermanos Rodr\u00edguez en sexta posici\u00f3n, un puesto por detr\u00e1s de su compa\u00f1ero de equipo Carlos Sainz, y lo m\u00e1s preocupante, a m\u00e1s de un minuto del ganador Max Verstappen.<\/p>\n\n\n\n<p>Mientras que Verstappen parec\u00eda c\u00f3modo al frente y produjo un nuevo r\u00e9cord de victorias de la temporada, la carrera del domingo complet\u00f3 un fin de semana desafiante para Ferrari.<\/p>\n\n\n\n<p>El F1-75 se hab\u00eda mostrado inc\u00f3modo en su entorno durante todo el fin de semana, con ambos pilotos incapaces de igualar a Mercedes o Red Bull. Leclerc incluso hab\u00eda puesto fin a su segunda sesi\u00f3n de entrenamientos tras chocar contra las barreras.<\/p>\n\n\n\n<p>&#8220;Lo que me duele es que siento que hemos maximizado todo (el d\u00eda de la carrera) y aunque lo hemos hecho, estamos a un minuto de Max, una diferencia enorme&#8221;, dijo Leclerc tras la carrera del domingo.<\/p>\n\n\n\n<p>&#8220;Tenemos que analizar eso y mejorar nuestros d\u00edas malos, sobre todo porque siempre que tenemos un mal d\u00eda el domingo parece ser un d\u00eda realmente malo&#8221;.<\/p>\n\n\n\n<p>Sainz indic\u00f3 que el equipo conoc\u00eda los &#8220;compromisos&#8221; que tendr\u00edan que soportar al llegar al fin de semana, ya que la carrera se disputa en condiciones diferentes a la mayor\u00eda del calendario.<\/p>\n\n\n\n<p>&#8220;Con la altitud sab\u00edamos que \u00edbamos a perder bastante rendimiento&#8221;, dijo.<\/p>\n\n\n\n<p>&#8220;M\u00e1s de lo que esper\u00e1bamos y est\u00e1bamos fuera de ritmo Pero, no he hecho una carrera en un mes, as\u00ed que volver a ella y tener una carrera completa, la gesti\u00f3n del ritmo, completar la carrera y aprender del coche, lo tomo como algo positivo&#8221;.<\/p>\n\n\n\n<figure class=\"wp-block-embed is-type-rich is-provider-twitter wp-block-embed-twitter\"><div class=\"wp-block-embed__wrapper\">\n<blockquote class=\"twitter-tweet\" data-width=\"550\" data-dnt=\"true\"><p lang=\"en\" dir=\"ltr\">Bittersweet Mexico \ud83c\udfce\ufe0f\ud83c\uddf2\ud83c\uddfd<br><br>Side by side \ud83d\udc4a<a href=\"https:\/\/twitter.com\/hashtag\/essereFerrari?src=hash&amp;ref_src=twsrc%5Etfw\">#essereFerrari<\/a>\ud83d\udd34 <a href=\"https:\/\/twitter.com\/hashtag\/MexicoGP?src=hash&amp;ref_src=twsrc%5Etfw\">#MexicoGP<\/a> <a href=\"https:\/\/twitter.com\/hashtag\/Charles16?src=hash&amp;ref_src=twsrc%5Etfw\">#Charles16<\/a> <a href=\"https:\/\/twitter.com\/hashtag\/Carlos55?src=hash&amp;ref_src=twsrc%5Etfw\">#Carlos55<\/a> <a href=\"https:\/\/t.co\/e5jFwvQZ7a\">pic.twitter.com\/e5jFwvQZ7a<\/a><\/p>&mdash; Scuderia Ferrari (@ScuderiaFerrari) <a href=\"https:\/\/twitter.com\/ScuderiaFerrari\/status\/1586851106218442756?ref_src=twsrc%5Etfw\">October 30, 2022<\/a><\/blockquote><script async src=\"https:\/\/platform.twitter.com\/widgets.js\" charset=\"utf-8\"><\/script>\n<\/div><\/figure>\n\n\n\n<p>No ha sido el primer fin de semana dif\u00edcil para Ferrari, ya que la Scuderia, que parec\u00eda tener el coche m\u00e1s r\u00e1pido de la parrilla a principios de a\u00f1o, no ha conseguido ninguna victoria desde el GP de Austria de principios de julio.<\/p>\n\n\n\n<p>&#8220;Temo por Ferrari porque desde julio no han tenido realmente la oportunidad de ganar una carrera. Est\u00e1n fuera de ella y Mercedes los ha atrapado&#8221;, dijo Di Resta.<\/p>\n\n\n\n<p>&#8220;Mercedes les ha adelantado en un domingo. En un s\u00e1bado, creo que todav\u00eda pueden sacarlo adelante, pero me temo por d\u00f3nde va el camino de desarrollo de Ferrari, a menos que se hayan desconectado tan pronto cuando se dieron cuenta de que (el campeonato) estaba fuera de su alcance&#8221;.<\/p>\n\n\n\n<p>&#8220;Ese concepto sali\u00f3 de la caja de forma absolutamente soberbia. Ha continuado y no est\u00e1 del todo bien&#8221;.<\/p>\n\n\n\n<p>Todos los equipos har\u00e1n un informe sobre lo ocurrido en Ciudad de M\u00e9xico en breve, antes de centrar su atenci\u00f3n en la pen\u00faltima carrera de la temporada en Brasil, que s\u00ed incluye una carrera al sprint.<\/p>\n<div class='share-to-whatsapp-wrapper'><div class='share-on-whsp'>Share on: <\/div><a data-text='Charles Leclerc \"dolido\" por su actuaci\u00f3n en el GP de M\u00e9xico' data-link='https:\/\/portaltactica.com\/?p=63041' class='whatsapp-button whatsapp-share'>WhatsApp<\/a><div class='clear '><\/div><\/div>","protected":false},"excerpt":{"rendered":"<p>Charles Leclerc dice que se sinti\u00f3 &#8220;herido&#8221; por el rendimiento de Ferrari en el Gran Premio de M\u00e9xico, mientras que Paul&hellip;<\/p>\n","protected":false},"author":2,"featured_media":63042,"comment_status":"closed","ping_status":"closed","sticky":false,"template":"","format":"standard","meta":{"advanced_seo_description":"","jetpack_seo_html_title":"","jetpack_seo_noindex":false,"_jetpack_memberships_contains_paid_content":false,"footnotes":"","jetpack_publicize_message":"","jetpack_publicize_feature_enabled":true,"jetpack_social_post_already_shared":true,"jetpack_social_options":{"image_generator_settings":{"template":"highway","default_image_id":0,"font":"","enabled":false},"version":2}},"categories":[1898],"tags":[4812,543,3863],"class_list":["post-63041","post","type-post","status-publish","format-standard","has-post-thumbnail","hentry","category-destacado-internacional","tag-charles-leclerc","tag-f1","tag-gran-premio-de-mexico"],"jetpack_publicize_connections":[],"jetpack_featured_media_url":"https:\/\/portaltactica.com\/wp-content\/uploads\/2022\/10\/2-23.jpg","jetpack_sharing_enabled":true,"_links":{"self":[{"href":"https:\/\/portaltactica.com\/index.php?rest_route=\/wp\/v2\/posts\/63041","targetHints":{"allow":["GET"]}}],"collection":[{"href":"https:\/\/portaltactica.com\/index.php?rest_route=\/wp\/v2\/posts"}],"about":[{"href":"https:\/\/portaltactica.com\/index.php?rest_route=\/wp\/v2\/types\/post"}],"author":[{"embeddable":true,"href":"https:\/\/portaltactica.com\/index.php?rest_route=\/wp\/v2\/users\/2"}],"replies":[{"embeddable":true,"href":"https:\/\/portaltactica.com\/index.php?rest_route=%2Fwp%2Fv2%2Fcomments&post=63041"}],"version-history":[{"count":1,"href":"https:\/\/portaltactica.com\/index.php?rest_route=\/wp\/v2\/posts\/63041\/revisions"}],"predecessor-version":[{"id":63043,"href":"https:\/\/portaltactica.com\/index.php?rest_route=\/wp\/v2\/posts\/63041\/revisions\/63043"}],"wp:featuredmedia":[{"embeddable":true,"href":"https:\/\/portaltactica.com\/index.php?rest_route=\/wp\/v2\/media\/63042"}],"wp:attachment":[{"href":"https:\/\/portaltactica.com\/index.php?rest_route=%2Fwp%2Fv2%2Fmedia&parent=63041"}],"wp:term":[{"taxonomy":"category","embeddable":true,"href":"https:\/\/portaltactica.com\/index.php?rest_route=%2Fwp%2Fv2%2Fcategories&post=63041"},{"taxonomy":"post_tag","embeddable":true,"href":"https:\/\/portaltactica.com\/index.php?rest_route=%2Fwp%2Fv2%2Ftags&post=63041"}],"curies":[{"name":"wp","href":"https:\/\/api.w.org\/{rel}","templated":true}]}}