{"id":62816,"date":"2022-10-25T17:23:11","date_gmt":"2022-10-25T23:23:11","guid":{"rendered":"https:\/\/portaltactica.com\/?p=62816"},"modified":"2022-10-25T17:23:14","modified_gmt":"2022-10-25T23:23:14","slug":"hay-incertidumbre-en-torno-a-la-presencia-de-jimenez-en-qatar","status":"publish","type":"post","link":"https:\/\/portaltactica.com\/?p=62816","title":{"rendered":"Hay incertidumbre en torno a la presencia de Jim\u00e9nez en Qatar"},"content":{"rendered":"\n<p class=\"has-text-align-center has-medium-font-size\"><strong><em>&#8216;No sabemos si va a estar&#8217;; Tata Martino se sincera sobre la lesi\u00f3n de Ra\u00fal Jim\u00e9nez<\/em><\/strong><\/p>\n\n\n\n<p>El cuerpo m\u00e9dico de la Selecci\u00f3n Mexicana trabaja a marchas forzadas para recuperar a Ra\u00fal Jim\u00e9nez, que desde hace tiempo tiene una pubalgia que no lo ha dejado tener ning\u00fan tipo de actividad con Wolverhampton y con el Tricolor; sin embargo, desde hace unas semanas recibi\u00f3 el permiso por parte de su club para poder trabajar en el Centro de Alto Rendimiento en su recuperaci\u00f3n. <\/p>\n\n\n\n<p>Si bien el goleador del Tri ha mostrado cierta mejor\u00eda con las diferentes sesiones que tiene bajo supervisi\u00f3n de los m\u00e9dicos de la Selecci\u00f3n, el futuro de Jim\u00e9nez sigue en el aire cuando estamos a menos de un mes de que inicie el Mundial de Qatar 2022. <\/p>\n\n\n\n<p>\u201cLa incertidumbre siempre est\u00e1 presente porque el tema de la pubalgia es muy repentino, porque hoy no lo tengo (la lesi\u00f3n) y ma\u00f1ana vuelve a aparecer, pero s\u00ed notamos en \u00e9l un cambio de c\u00f3mo lo ve\u00edamos en Los \u00c1ngeles; a hoy, hay un cambio rotundo\u201d, dijo Gerardo Martino.<\/p>\n\n\n\n<p>\u201cRa\u00fal hace cuatro turnos (de rehabilitaci\u00f3n), uno de ellos despu\u00e9s de la cena, y se siente mejor; esa cara que ve\u00edamos en Los \u00c1ngeles es otra, que si eso significa que va a estar, pues no lo sabemos, pero s\u00ed notamos una evoluci\u00f3n no solo en la lesi\u00f3n, sino tambi\u00e9n en su estado de \u00e1nimo\u201d. <\/p>\n\n\n\n<p>Jim\u00e9nez no juega un partido desde el pasado 31 de agosto, cuando enfrent\u00f3 con el Wolverhampton al Bournemouth en la Premier League, desde entonces ha estado trabajando por separado por los dolores en el pubis. <\/p>\n\n\n\n<p class=\"has-medium-font-size\"><strong>Sevilla no quiso prestar al Tecatito <\/strong><\/p>\n\n\n\n<p>La idea de la Selecci\u00f3n Mexicana era que Jes\u00fas Manuel Corona pudiera hacer parte de su rehabilitaci\u00f3n como Ra\u00fal Jim\u00e9nez con los m\u00e9dicos del Tricolor, pero Sevilla no quiso prestar al jugador. <\/p>\n\n\n\n<p>\u201cYo estoy seguro que para \u00e9l era importante estar aqu\u00ed, pero entendemos que el club no haya querido, porque es una lesi\u00f3n diferente a la de Ra\u00fal y tenerlo nos hubiera ayudado porque queremos estar cerca de la evoluci\u00f3n\u201d, mencion\u00f3 en entrevista con mediotiempo, Jaime Ordiales, director deportivo de la Selecci\u00f3n Mexicana. <\/p>\n\n\n\n<p>Al respecto, el Tata coment\u00f3 que en la Selecci\u00f3n se pudo brindar una mejor atenci\u00f3n al Tecatito por el simple hecho de que en M\u00e9xico se le dar\u00eda la prioridad necesaria para tenerlo a punto lo m\u00e1s pronto posible. <\/p>\n\n\n\n<p>\u201cNosotros no podemos depender de la disposici\u00f3n del club. Lo que s\u00ed es que para el d\u00eda a d\u00eda era bueno tenerlo. En su club hay varios jugadores que habr\u00e1 que atender y las atenciones estar\u00e1n para el que tiene algo leve; en ese sentido, nosotros ofrecimos muchos para su rehabilitaci\u00f3n. No puedo hablar de \u00e9l como de Ra\u00fal, porque no lo estoy viendo, pero no dependi\u00f3 de \u00e9l\u201d <\/p>\n\n\n\n<p><\/p>\n\n\n\n<p style=\"font-size:9px\"><em>Fuente: Mediotiempo.<\/em><\/p>\n<div class='share-to-whatsapp-wrapper'><div class='share-on-whsp'>Share on: <\/div><a data-text='Hay incertidumbre en torno a la presencia de Jim\u00e9nez en Qatar' data-link='https:\/\/portaltactica.com\/?p=62816' class='whatsapp-button whatsapp-share'>WhatsApp<\/a><div class='clear '><\/div><\/div>","protected":false},"excerpt":{"rendered":"<p>&#8216;No sabemos si va a estar&#8217;; Tata Martino se sincera sobre la lesi\u00f3n de Ra\u00fal Jim\u00e9nez El cuerpo m\u00e9dico de la&hellip;<\/p>\n","protected":false},"author":2,"featured_media":62817,"comment_status":"closed","ping_status":"closed","sticky":false,"template":"","format":"standard","meta":{"advanced_seo_description":"","jetpack_seo_html_title":"","jetpack_seo_noindex":false,"_jetpack_memberships_contains_paid_content":false,"footnotes":"","jetpack_publicize_message":"","jetpack_publicize_feature_enabled":true,"jetpack_social_post_already_shared":true,"jetpack_social_options":{"image_generator_settings":{"template":"highway","default_image_id":0,"font":"","enabled":false},"version":2}},"categories":[1897],"tags":[1183,257,40],"class_list":["post-62816","post","type-post","status-publish","format-standard","has-post-thumbnail","hentry","category-destacado-nacional","tag-gerardo-martino","tag-raul-jimenez-2","tag-seleccion-mexicana"],"jetpack_publicize_connections":[],"jetpack_featured_media_url":"https:\/\/portaltactica.com\/wp-content\/uploads\/2022\/10\/10-2.jpg","jetpack_sharing_enabled":true,"_links":{"self":[{"href":"https:\/\/portaltactica.com\/index.php?rest_route=\/wp\/v2\/posts\/62816","targetHints":{"allow":["GET"]}}],"collection":[{"href":"https:\/\/portaltactica.com\/index.php?rest_route=\/wp\/v2\/posts"}],"about":[{"href":"https:\/\/portaltactica.com\/index.php?rest_route=\/wp\/v2\/types\/post"}],"author":[{"embeddable":true,"href":"https:\/\/portaltactica.com\/index.php?rest_route=\/wp\/v2\/users\/2"}],"replies":[{"embeddable":true,"href":"https:\/\/portaltactica.com\/index.php?rest_route=%2Fwp%2Fv2%2Fcomments&post=62816"}],"version-history":[{"count":1,"href":"https:\/\/portaltactica.com\/index.php?rest_route=\/wp\/v2\/posts\/62816\/revisions"}],"predecessor-version":[{"id":62818,"href":"https:\/\/portaltactica.com\/index.php?rest_route=\/wp\/v2\/posts\/62816\/revisions\/62818"}],"wp:featuredmedia":[{"embeddable":true,"href":"https:\/\/portaltactica.com\/index.php?rest_route=\/wp\/v2\/media\/62817"}],"wp:attachment":[{"href":"https:\/\/portaltactica.com\/index.php?rest_route=%2Fwp%2Fv2%2Fmedia&parent=62816"}],"wp:term":[{"taxonomy":"category","embeddable":true,"href":"https:\/\/portaltactica.com\/index.php?rest_route=%2Fwp%2Fv2%2Fcategories&post=62816"},{"taxonomy":"post_tag","embeddable":true,"href":"https:\/\/portaltactica.com\/index.php?rest_route=%2Fwp%2Fv2%2Ftags&post=62816"}],"curies":[{"name":"wp","href":"https:\/\/api.w.org\/{rel}","templated":true}]}}