{"id":62720,"date":"2022-10-21T19:28:00","date_gmt":"2022-10-22T01:28:00","guid":{"rendered":"https:\/\/portaltactica.com\/?p=62720"},"modified":"2022-10-23T19:38:33","modified_gmt":"2022-10-24T01:38:33","slug":"septimo-congreso-internacional-de-fisica-matematicas-y-electronica-se-llevara-a-cabo-el-25-y-26-de-octubre","status":"publish","type":"post","link":"https:\/\/portaltactica.com\/?p=62720","title":{"rendered":"S\u00e9ptimo Congreso Internacional de F\u00edsica, Matem\u00e1ticas y Electr\u00f3nica se llevar\u00e1 a cabo el 25 y 26 de octubre"},"content":{"rendered":"\n<p>Como parte del fomento al aspecto cient\u00edfico que promueve la Universidad Aut\u00f3noma de Sinaloa (UAS), la Facultad de Ciencias Fisco-Matem\u00e1ticas (FCFM), se prepara para realizar el S\u00e9ptimo Congreso Internacional de F\u00edsica, Matem\u00e1ticas y Electr\u00f3nica 2022, el pr\u00f3ximo 25 y 26 de octubre.<\/p>\n\n\n\n<p>Jos\u00e9 Vidal Jim\u00e9nez Ram\u00edrez, director de esta unidad acad\u00e9mica, explic\u00f3 que, como cada a\u00f1o, en el mes de octubre la Facultad celebra su aniversario, en esta ocasi\u00f3n conmemorar\u00e1 40 a\u00f1os de fundaci\u00f3n con este programa de conferencias y actividades culturales y deportivas.<\/p>\n\n\n\n<p>\u201cSe contar\u00e1 con conferencias por parte de alumnos egresados de la facultad que actualmente se encuentran trabajando en M\u00e9xico y en el extranjero, as\u00ed como la colaboraci\u00f3n de investigadores reconocidos internacionalmente, motivo por el cual este seminario se dar\u00e1 de manera h\u00edbrida, es decir, con conferencias presenciales y por medio de plataformas virtuales\u201d, describi\u00f3.<\/p>\n\n\n\n<p>Se\u00f1al\u00f3 que este seminario es completamente gratuito para los estudiantes de los tres programas que oferta esta unidad acad\u00e9mica, como son la Licenciatura en F\u00edsica, Licenciatura en Matem\u00e1ticas y la Licenciatura en Ingenier\u00eda Electr\u00f3nica, donde adem\u00e1s de convivir con sus compa\u00f1eros, podr\u00e1n conocer a egresados y profesionales de su carrera quienes compartir\u00e1n su experiencia en el mercado laboral.<\/p>\n\n\n\n<p>Vidal Jim\u00e9nez enfatiz\u00f3 que es de suma importancia llevar a cabo a\u00f1o con a\u00f1o este festejo, que es en beneficio de los estudiantes como parte de su formaci\u00f3n integral, ya que este plantel est\u00e1 comprometido en formar profesionales capacitados no \u00fanicamente en la academia, sino tambi\u00e9n en valores para egresar ciudadanos responsables y comprometidos con la sociedad.&nbsp; &nbsp;&nbsp;<\/p>\n<div class='share-to-whatsapp-wrapper'><div class='share-on-whsp'>Share on: <\/div><a data-text='S\u00e9ptimo Congreso Internacional de F\u00edsica, Matem\u00e1ticas y Electr\u00f3nica se llevar\u00e1 a cabo el 25 y 26 de octubre' data-link='https:\/\/portaltactica.com\/?p=62720' class='whatsapp-button whatsapp-share'>WhatsApp<\/a><div class='clear '><\/div><\/div>","protected":false},"excerpt":{"rendered":"<p>Como parte del fomento al aspecto cient\u00edfico que promueve la Universidad Aut\u00f3noma de Sinaloa (UAS), la Facultad de Ciencias Fisco-Matem\u00e1ticas (FCFM),&hellip;<\/p>\n","protected":false},"author":1,"featured_media":62721,"comment_status":"closed","ping_status":"closed","sticky":false,"template":"","format":"standard","meta":{"advanced_seo_description":"","jetpack_seo_html_title":"","jetpack_seo_noindex":false,"_jetpack_memberships_contains_paid_content":false,"footnotes":"","jetpack_publicize_message":"","jetpack_publicize_feature_enabled":true,"jetpack_social_post_already_shared":true,"jetpack_social_options":{"image_generator_settings":{"template":"highway","default_image_id":0,"font":"","enabled":false},"version":2}},"categories":[947],"tags":[558],"class_list":["post-62720","post","type-post","status-publish","format-standard","has-post-thumbnail","hentry","category-universidad","tag-uas"],"jetpack_publicize_connections":[],"jetpack_featured_media_url":"https:\/\/portaltactica.com\/wp-content\/uploads\/2022\/10\/grande_478215001666401738.jpg","jetpack_sharing_enabled":true,"_links":{"self":[{"href":"https:\/\/portaltactica.com\/index.php?rest_route=\/wp\/v2\/posts\/62720","targetHints":{"allow":["GET"]}}],"collection":[{"href":"https:\/\/portaltactica.com\/index.php?rest_route=\/wp\/v2\/posts"}],"about":[{"href":"https:\/\/portaltactica.com\/index.php?rest_route=\/wp\/v2\/types\/post"}],"author":[{"embeddable":true,"href":"https:\/\/portaltactica.com\/index.php?rest_route=\/wp\/v2\/users\/1"}],"replies":[{"embeddable":true,"href":"https:\/\/portaltactica.com\/index.php?rest_route=%2Fwp%2Fv2%2Fcomments&post=62720"}],"version-history":[{"count":1,"href":"https:\/\/portaltactica.com\/index.php?rest_route=\/wp\/v2\/posts\/62720\/revisions"}],"predecessor-version":[{"id":62722,"href":"https:\/\/portaltactica.com\/index.php?rest_route=\/wp\/v2\/posts\/62720\/revisions\/62722"}],"wp:featuredmedia":[{"embeddable":true,"href":"https:\/\/portaltactica.com\/index.php?rest_route=\/wp\/v2\/media\/62721"}],"wp:attachment":[{"href":"https:\/\/portaltactica.com\/index.php?rest_route=%2Fwp%2Fv2%2Fmedia&parent=62720"}],"wp:term":[{"taxonomy":"category","embeddable":true,"href":"https:\/\/portaltactica.com\/index.php?rest_route=%2Fwp%2Fv2%2Fcategories&post=62720"},{"taxonomy":"post_tag","embeddable":true,"href":"https:\/\/portaltactica.com\/index.php?rest_route=%2Fwp%2Fv2%2Ftags&post=62720"}],"curies":[{"name":"wp","href":"https:\/\/api.w.org\/{rel}","templated":true}]}}