{"id":61976,"date":"2022-10-06T23:37:00","date_gmt":"2022-10-07T05:37:00","guid":{"rendered":"https:\/\/portaltactica.com\/?p=61976"},"modified":"2022-10-08T11:38:33","modified_gmt":"2022-10-08T17:38:33","slug":"recupera-investigador-las-experiencias-de-jovenes-ante-el-culiacanazo","status":"publish","type":"post","link":"https:\/\/portaltactica.com\/?p=61976","title":{"rendered":"Recupera investigador las experiencias de j\u00f3venes ante el \u201cCuliacanazo\u201d"},"content":{"rendered":"\n<p>Con el objetivo de analizar y comprender las formas en las que las y los j\u00f3venes vivieron, sintieron, pensaron y se posicionaron sobre el llamado \u201cjueves negro\u201d, en Culiac\u00e1n, el psic\u00f3logo de la Universidad Aut\u00f3noma de Sinaloa (UAS), doctor C\u00e9sar Burgos D\u00e1vila, llev\u00f3 a cabo la investigaci\u00f3n Resignificaciones juveniles sobre la violencia y el narcotr\u00e1fico en Sinaloa. Estudio de caso del culiacanazo.<\/p>\n\n\n\n<p>Al cumplirse tres a\u00f1os de aquel fat\u00eddico jueves 17 de octubre del 2019, donde Culiac\u00e1n se paraliz\u00f3 por completo cubri\u00e9ndose con una nube de violencia, de caos, de p\u00e1nico, de inseguridad y terror entre la sociedad y poniendo en el ojo de la noticia internacional a la capital sinaloense, el investigador de la Facultad de Psicolog\u00eda, tuvo el inter\u00e9s de desarrollar este proyecto, al notar ciertas semejanzas en las respuestas de sus estudiantes, considerando la necesidad de comprender c\u00f3mo las juventudes viven y se sit\u00faan en este tipo de contextos.<\/p>\n\n\n\n<p>\u201cEmpiezo a leer temas que son comunes, por ejemplo: la forma en que se reconoce el acontecimiento, la importancia que tuvo la sociabilidad en los medios digitales, tel\u00e9fonos, redes sociales, WhatsApp, grupos de amigos, familia, etc\u00e9tera; la forma en que las juventudes construyeron sus propias redes de apoyo para resguardarse y sobrevivir y tambi\u00e9n, la idea en la que se resquebrajaron o en donde las propias juventudes hacen un cuestionamiento en dos direcciones, por una parte, el narcotr\u00e1fico como fen\u00f3meno y a las figuras del narcotr\u00e1fico que son emblem\u00e1ticas en nuestra regi\u00f3n, y por otra parte, un cuestionamiento pol\u00edtico hacia las autoridades de gobierno de todos los niveles\u201d, explic\u00f3.<\/p>\n\n\n\n<p>El especialista en psicolog\u00eda social, inform\u00f3 que, a partir de las entrevistas hechas a los alumnos sobre tal acontecimiento, le permiti\u00f3 profundizar en el tema e identificar los sentimientos, las formas en c\u00f3mo percibieron la ciudad, la preocupaci\u00f3n por sus familias y el temor de sentir en ese momento su vida expuesta.<\/p>\n\n\n\n<p>\u201cAunque hablamos del \u2018jueves negro\u2019 como si fuera una cuesti\u00f3n homog\u00e9nea, la verdad es que no fue as\u00ed, porque dependiendo del espacio donde te ubicabas fue la exposici\u00f3n a la violencia que tuviste y, sobre todo, el acceso a los rumores (\u2026) justamente lo que se provocaba era el propiciar el p\u00e1nico, el terror, la desinformaci\u00f3n, en aquellos momentos, por la forma en c\u00f3mo estaban ocurriendo los acontecimientos, no hab\u00eda un pronunciamiento oficial\u201d, expres\u00f3.<\/p>\n\n\n\n<p>A partir del estudio realizado, el psic\u00f3logo, se\u00f1al\u00f3 que el impacto causado por este evento fue tal que, rompi\u00f3 y cambi\u00f3 por completo la percepci\u00f3n de las y los estudiantes sobre todas las ideas asociadas al narcotr\u00e1fico, generando en ellos indignaci\u00f3n y dejando de manifiesto que los j\u00f3venes no son indiferentes a la violencia y cuestiones pol\u00edticas del estado.<\/p>\n\n\n\n<p>\u201cEs la primera vez, en el discurso de los j\u00f3venes, ellos se reconocen a s\u00ed mismos, como v\u00edctimas, es decir, vivieron de manera directa la afectaci\u00f3n de una violencia que fue instrumental (\u2026) por otra parte se debilita la percepci\u00f3n del Estado, esto gener\u00f3 desidentificaci\u00f3n, desconfianza, descontento, un cuestionamiento directo hacia el gobierno, hacia las autoridades, hacia las pol\u00edticas y hacia todas las estrategias de seguridad, la pregunta era, en los relatos de los j\u00f3venes, \u00bfqui\u00e9n nos cuida?\u201d, dijo.<\/p>\n\n\n\n<p>El docente universitario, comparti\u00f3 que dicho proyecto de investigaci\u00f3n cuenta con financiamiento del Programa de Fomento y Apoyo a la Investigaci\u00f3n (PROFAPI), del cual se han divulgado diversos textos, uno de ellos, que recupera la experiencia de los j\u00f3venes ante el \u201cCuliacanazo\u201d, mismo que ser\u00e1 publicado en Athenea Digital, revista de pensamiento e investigaci\u00f3n social.<\/p>\n<div class='share-to-whatsapp-wrapper'><div class='share-on-whsp'>Share on: <\/div><a data-text='Recupera investigador las experiencias de j\u00f3venes ante el \u201cCuliacanazo\u201d' data-link='https:\/\/portaltactica.com\/?p=61976' class='whatsapp-button whatsapp-share'>WhatsApp<\/a><div class='clear '><\/div><\/div>","protected":false},"excerpt":{"rendered":"<p>Con el objetivo de analizar y comprender las formas en las que las y los j\u00f3venes vivieron, sintieron, pensaron y se&hellip;<\/p>\n","protected":false},"author":1,"featured_media":61977,"comment_status":"closed","ping_status":"closed","sticky":false,"template":"","format":"standard","meta":{"advanced_seo_description":"","jetpack_seo_html_title":"","jetpack_seo_noindex":false,"_jetpack_memberships_contains_paid_content":false,"footnotes":"","jetpack_publicize_message":"","jetpack_publicize_feature_enabled":true,"jetpack_social_post_already_shared":true,"jetpack_social_options":{"image_generator_settings":{"template":"highway","default_image_id":0,"font":"","enabled":false},"version":2}},"categories":[947],"tags":[558],"class_list":["post-61976","post","type-post","status-publish","format-standard","has-post-thumbnail","hentry","category-universidad","tag-uas"],"jetpack_publicize_connections":[],"jetpack_featured_media_url":"https:\/\/portaltactica.com\/wp-content\/uploads\/2022\/10\/grande_513773001665174192.jpg","jetpack_sharing_enabled":true,"_links":{"self":[{"href":"https:\/\/portaltactica.com\/index.php?rest_route=\/wp\/v2\/posts\/61976","targetHints":{"allow":["GET"]}}],"collection":[{"href":"https:\/\/portaltactica.com\/index.php?rest_route=\/wp\/v2\/posts"}],"about":[{"href":"https:\/\/portaltactica.com\/index.php?rest_route=\/wp\/v2\/types\/post"}],"author":[{"embeddable":true,"href":"https:\/\/portaltactica.com\/index.php?rest_route=\/wp\/v2\/users\/1"}],"replies":[{"embeddable":true,"href":"https:\/\/portaltactica.com\/index.php?rest_route=%2Fwp%2Fv2%2Fcomments&post=61976"}],"version-history":[{"count":1,"href":"https:\/\/portaltactica.com\/index.php?rest_route=\/wp\/v2\/posts\/61976\/revisions"}],"predecessor-version":[{"id":61978,"href":"https:\/\/portaltactica.com\/index.php?rest_route=\/wp\/v2\/posts\/61976\/revisions\/61978"}],"wp:featuredmedia":[{"embeddable":true,"href":"https:\/\/portaltactica.com\/index.php?rest_route=\/wp\/v2\/media\/61977"}],"wp:attachment":[{"href":"https:\/\/portaltactica.com\/index.php?rest_route=%2Fwp%2Fv2%2Fmedia&parent=61976"}],"wp:term":[{"taxonomy":"category","embeddable":true,"href":"https:\/\/portaltactica.com\/index.php?rest_route=%2Fwp%2Fv2%2Fcategories&post=61976"},{"taxonomy":"post_tag","embeddable":true,"href":"https:\/\/portaltactica.com\/index.php?rest_route=%2Fwp%2Fv2%2Ftags&post=61976"}],"curies":[{"name":"wp","href":"https:\/\/api.w.org\/{rel}","templated":true}]}}