{"id":61760,"date":"2022-10-02T18:55:00","date_gmt":"2022-10-03T00:55:00","guid":{"rendered":"https:\/\/portaltactica.com\/?p=61760"},"modified":"2022-10-03T18:58:24","modified_gmt":"2022-10-04T00:58:24","slug":"recuerdan-estudiantes-universitarios-el-movimiento-de-1968","status":"publish","type":"post","link":"https:\/\/portaltactica.com\/?p=61760","title":{"rendered":"Recuerdan estudiantes universitarios el movimiento de 1968"},"content":{"rendered":"\n<p>Con motivo de la conmemoraci\u00f3n del 54 aniversario del movimiento de 1968, el cual impuls\u00f3 en M\u00e9xico nuevos referentes pol\u00edticos y movimientos sociales, as\u00ed como la expansi\u00f3n de la educaci\u00f3n superior y el crecimiento del pensamiento cr\u00edtico y las ciencias sociales, este 2 de octubre, en punto de los 8:00 de la ma\u00f1ana, un grupo de j\u00f3venes moradores de las diferentes casas del estudiante de la Universidad Aut\u00f3noma de Sinaloa (UAS), depositaron en el Edificio Central una ofrenda floral y montaron guardia de honor, recordaron con respeto y cari\u00f1o la memoria de tantos j\u00f3venes que dieron su vida en este movimiento estudiantil.<\/p>\n\n\n\n<p>Ricardo Ch\u00e1vez Cabrales, director de Servicios Estudiantiles de la casa de estudios, destac\u00f3 que a\u00f1o con a\u00f1o la UAS busca recordar con gran respeto este d\u00eda que marc\u00f3 de luto a todos los mexicanos y pretenden dejar en las nuevas generaciones ese mensaje que dejaron los estudiantes fallecidos, que era el de reivindicar derechos y exigir mejores condiciones, hecho que hoy ellos deben valorar y forjar un futuro promisorio con el nuevo panorama que viven contando con una instituci\u00f3n que no solo les da una formaci\u00f3n profesional, sino un espacio digno y seguro donde vivir.<\/p>\n\n\n\n<p>\u201cLa Universidad Aut\u00f3noma de Sinaloa a\u00f1o con a\u00f1o salimos a decirle al gobierno que aqu\u00ed est\u00e1n los estudiantes, que primero est\u00e1 el estudio y en ese sentido nosotros como universidad tenemos 17 casas en el estado, donde se le apoya al que menos tiene y bueno en aquellos a\u00f1os, hace 54 que fue la matanza de Tlatelolco del 68, pues hubo represi\u00f3n y nosotros no podemos olvidar, ni podemos permitir que se vuelva a presentar actos de esa naturaleza\u201d, expres\u00f3.<\/p>\n\n\n\n<p>Rodeado de algunos funcionarios de la instituci\u00f3n y de un grupo de moradores de las casas estudiantiles, quienes se mostraron solidarios con este sencillo pero emotivo evento, Ch\u00e1vez Cabrales enfatiz\u00f3 que hoy en la administraci\u00f3n del Rector doctor Jes\u00fas Madue\u00f1a Molina se est\u00e1n viviendo nuevos tiempos de respaldo a la juventud donde los ejes centrales est\u00e1n enfocados en que se formen a j\u00f3venes sanos, que emprendan sus sue\u00f1os y que alcancen sus metas de ser mejores mediante una profesi\u00f3n, por ello el llamado es a apoyar al estudiantado e incidir en su provechoso crecimiento.<\/p>\n\n\n\n<p>Tambi\u00e9n en esta colocaci\u00f3n de la ofrenda floral y en donde en el Edificio Central se puso a media asta la bandera nacional, como un gesto de respeto y homenaje, algunos estudiantes como es el caso de Leonardo Ram\u00edrez P\u00e9rez, oriundo del estado de Oaxaca y quien hoy estudia la Licenciatura en Derecho en la UAS, mostr\u00f3 su sentir de participar en este tipo de eventos y dej\u00f3 de manifiesto que gracias a instituciones como esta es que puede hoy realizar el proyecto de vida de estudiar una carrera profesional.<\/p>\n\n\n\n<p>\u201cLa lucha que se hizo en ese entonces no fue en vano y es por eso que se ha abierto para que nosotros sigamos estudiando y para que haya una apertura mejor\u201d, destac\u00f3.<\/p>\n\n\n\n<p>As\u00ed tambi\u00e9n Efr\u00e9n Estrada Luque, quien es de Las Brisas, Guasave y se forma actualmente como m\u00e9dico veterinario aport\u00f3 que para \u00e9l es una gran oportunidad la que le da la UAS en formarse en su carrera profesional, ya que si no fuera as\u00ed dif\u00edcilmente sus padres podr\u00edan darle esta oportunidad de formaci\u00f3n.<\/p>\n\n\n\n<p>Otro estudiante universitario que quiso exponer su sentir en este d\u00eda especial de recuerdos de lucha y muerte de grandes j\u00f3venes mexicanos fue \u00c1ngel Gustavo Hayar Zarate, quien actualmente estudia la carrera de Arquitectura y es originario del estado de Chiapas, manifest\u00f3 su gratitud hacia la Universidad Aut\u00f3noma de Sinaloa y en especial a las autoridades, ya que fue enf\u00e1tico en se\u00f1alar que el apoyo que le dan es clave para su desarrollo.<\/p>\n<div class='share-to-whatsapp-wrapper'><div class='share-on-whsp'>Share on: <\/div><a data-text='Recuerdan estudiantes universitarios el movimiento de 1968' data-link='https:\/\/portaltactica.com\/?p=61760' class='whatsapp-button whatsapp-share'>WhatsApp<\/a><div class='clear '><\/div><\/div>","protected":false},"excerpt":{"rendered":"<p>Con motivo de la conmemoraci\u00f3n del 54 aniversario del movimiento de 1968, el cual impuls\u00f3 en M\u00e9xico nuevos referentes pol\u00edticos y&hellip;<\/p>\n","protected":false},"author":1,"featured_media":61761,"comment_status":"closed","ping_status":"closed","sticky":false,"template":"","format":"standard","meta":{"advanced_seo_description":"","jetpack_seo_html_title":"","jetpack_seo_noindex":false,"_jetpack_memberships_contains_paid_content":false,"footnotes":"","jetpack_publicize_message":"","jetpack_publicize_feature_enabled":true,"jetpack_social_post_already_shared":true,"jetpack_social_options":{"image_generator_settings":{"template":"highway","default_image_id":0,"font":"","enabled":false},"version":2}},"categories":[947],"tags":[558],"class_list":["post-61760","post","type-post","status-publish","format-standard","has-post-thumbnail","hentry","category-universidad","tag-uas"],"jetpack_publicize_connections":[],"jetpack_featured_media_url":"https:\/\/portaltactica.com\/wp-content\/uploads\/2022\/10\/grande_201087001664744254.jpg","jetpack_sharing_enabled":true,"_links":{"self":[{"href":"https:\/\/portaltactica.com\/index.php?rest_route=\/wp\/v2\/posts\/61760","targetHints":{"allow":["GET"]}}],"collection":[{"href":"https:\/\/portaltactica.com\/index.php?rest_route=\/wp\/v2\/posts"}],"about":[{"href":"https:\/\/portaltactica.com\/index.php?rest_route=\/wp\/v2\/types\/post"}],"author":[{"embeddable":true,"href":"https:\/\/portaltactica.com\/index.php?rest_route=\/wp\/v2\/users\/1"}],"replies":[{"embeddable":true,"href":"https:\/\/portaltactica.com\/index.php?rest_route=%2Fwp%2Fv2%2Fcomments&post=61760"}],"version-history":[{"count":1,"href":"https:\/\/portaltactica.com\/index.php?rest_route=\/wp\/v2\/posts\/61760\/revisions"}],"predecessor-version":[{"id":61762,"href":"https:\/\/portaltactica.com\/index.php?rest_route=\/wp\/v2\/posts\/61760\/revisions\/61762"}],"wp:featuredmedia":[{"embeddable":true,"href":"https:\/\/portaltactica.com\/index.php?rest_route=\/wp\/v2\/media\/61761"}],"wp:attachment":[{"href":"https:\/\/portaltactica.com\/index.php?rest_route=%2Fwp%2Fv2%2Fmedia&parent=61760"}],"wp:term":[{"taxonomy":"category","embeddable":true,"href":"https:\/\/portaltactica.com\/index.php?rest_route=%2Fwp%2Fv2%2Fcategories&post=61760"},{"taxonomy":"post_tag","embeddable":true,"href":"https:\/\/portaltactica.com\/index.php?rest_route=%2Fwp%2Fv2%2Ftags&post=61760"}],"curies":[{"name":"wp","href":"https:\/\/api.w.org\/{rel}","templated":true}]}}