{"id":61359,"date":"2022-09-19T12:18:00","date_gmt":"2022-09-19T18:18:00","guid":{"rendered":"https:\/\/portaltactica.com\/?p=61359"},"modified":"2022-09-20T12:21:07","modified_gmt":"2022-09-20T18:21:07","slug":"ultimos-dias-para-inscribir-las-ponencias-al-congreso-internacional-de-historia-regional","status":"publish","type":"post","link":"https:\/\/portaltactica.com\/?p=61359","title":{"rendered":"\u00daltimos d\u00edas para inscribir las ponencias al Congreso Internacional de Historia Regional"},"content":{"rendered":"\n<p>En su edici\u00f3n n\u00famero 38, el Congreso Internacional de Historia Regional \u201cMemoria Hist\u00f3rica y Patrimonio Cultural\u201d que organiza la Facultad de Historia de la Universidad Aut\u00f3noma de Sinaloa (UAS) para llevarse a cabo del 6 al 9 de diciembre, est\u00e1 por cerrar su convocatoria, por lo que Rafael Santos Cenobio, coordinador de la Licenciatura en Historia invit\u00f3 a los interesados en participar en esta actividad acad\u00e9mica, a realizar su proceso para quedar formalmente inscritos.<br>El profesor investigador, se\u00f1al\u00f3 que tienen como fecha l\u00edmite hasta el d\u00eda viernes 30 de septiembre para inscribir las ponencias, solo se requiere el t\u00edtulo de la misma, un resumen de quinientas palabras, adscripci\u00f3n y eje tem\u00e1tico al cual desean participar. &nbsp;&nbsp;<br>Entre los ejes tem\u00e1ticos del congreso, mencion\u00f3 que est\u00e1n: Pol\u00edticas de la memoria, Archivos y patrimonio documental, Im\u00e1genes del pasado, Cultura material y patrimonio industrial, Narrativa de la memoria, multiculturalismo e identidad, Justicia y memoria y Espacios o lugares de la memoria.<br>Al momento indic\u00f3 que se cuenta con 26 ponencias distribuidas de forma equitativa en los ejes tem\u00e1ticos de diversas instituciones del pa\u00eds y del extranjero, entre las que destacan la Universidad de Baja California, Universidad de Ciudad Ju\u00e1rez, Universidad Veracruzana, Universidad de Guadalajara y Universidad de Puebla; adem\u00e1s est\u00e1n universidades de Am\u00e9rica Latina, de El Salvador, Guatemala, Costa Rica y Cuba.<br>Entre las actividades organizadas en el marco de este congreso, Santos Cenobio dijo que est\u00e1 el Taller de Museos Comunitarios, el cual se impartir\u00e1 en la sede del congreso que tendr\u00e1 lugar el Teatro Socorro Astol del Instituto Sinaloense de Cultura (ISIC), adem\u00e1s de una conferencia magistral a cargo de Guillermo Zerme\u00f1o de El Colegio de M\u00e9xico.<br>El coordinador de la Licenciatura en Historia destac\u00f3 el impacto que tiene este congreso que se ha desarrollado a lo largo de 37 a\u00f1os y que ha reunido a historiadores de distintas latitudes, estudiosos de las ciencias sociales y las humanidades, y que afortunadamente regresa de manera presencial.<\/p>\n<div class='share-to-whatsapp-wrapper'><div class='share-on-whsp'>Share on: <\/div><a data-text='\u00daltimos d\u00edas para inscribir las ponencias al Congreso Internacional de Historia Regional' data-link='https:\/\/portaltactica.com\/?p=61359' class='whatsapp-button whatsapp-share'>WhatsApp<\/a><div class='clear '><\/div><\/div>","protected":false},"excerpt":{"rendered":"<p>En su edici\u00f3n n\u00famero 38, el Congreso Internacional de Historia Regional \u201cMemoria Hist\u00f3rica y Patrimonio Cultural\u201d que organiza la Facultad de&hellip;<\/p>\n","protected":false},"author":1,"featured_media":61360,"comment_status":"closed","ping_status":"closed","sticky":false,"template":"","format":"standard","meta":{"advanced_seo_description":"","jetpack_seo_html_title":"","jetpack_seo_noindex":false,"_jetpack_memberships_contains_paid_content":false,"footnotes":"","jetpack_publicize_message":"","jetpack_publicize_feature_enabled":true,"jetpack_social_post_already_shared":true,"jetpack_social_options":{"image_generator_settings":{"template":"highway","default_image_id":0,"font":"","enabled":false},"version":2}},"categories":[947],"tags":[558],"class_list":["post-61359","post","type-post","status-publish","format-standard","has-post-thumbnail","hentry","category-universidad","tag-uas"],"jetpack_publicize_connections":[],"jetpack_featured_media_url":"https:\/\/portaltactica.com\/wp-content\/uploads\/2022\/09\/grande_028872001663623816.jpg","jetpack_sharing_enabled":true,"_links":{"self":[{"href":"https:\/\/portaltactica.com\/index.php?rest_route=\/wp\/v2\/posts\/61359","targetHints":{"allow":["GET"]}}],"collection":[{"href":"https:\/\/portaltactica.com\/index.php?rest_route=\/wp\/v2\/posts"}],"about":[{"href":"https:\/\/portaltactica.com\/index.php?rest_route=\/wp\/v2\/types\/post"}],"author":[{"embeddable":true,"href":"https:\/\/portaltactica.com\/index.php?rest_route=\/wp\/v2\/users\/1"}],"replies":[{"embeddable":true,"href":"https:\/\/portaltactica.com\/index.php?rest_route=%2Fwp%2Fv2%2Fcomments&post=61359"}],"version-history":[{"count":1,"href":"https:\/\/portaltactica.com\/index.php?rest_route=\/wp\/v2\/posts\/61359\/revisions"}],"predecessor-version":[{"id":61361,"href":"https:\/\/portaltactica.com\/index.php?rest_route=\/wp\/v2\/posts\/61359\/revisions\/61361"}],"wp:featuredmedia":[{"embeddable":true,"href":"https:\/\/portaltactica.com\/index.php?rest_route=\/wp\/v2\/media\/61360"}],"wp:attachment":[{"href":"https:\/\/portaltactica.com\/index.php?rest_route=%2Fwp%2Fv2%2Fmedia&parent=61359"}],"wp:term":[{"taxonomy":"category","embeddable":true,"href":"https:\/\/portaltactica.com\/index.php?rest_route=%2Fwp%2Fv2%2Fcategories&post=61359"},{"taxonomy":"post_tag","embeddable":true,"href":"https:\/\/portaltactica.com\/index.php?rest_route=%2Fwp%2Fv2%2Ftags&post=61359"}],"curies":[{"name":"wp","href":"https:\/\/api.w.org\/{rel}","templated":true}]}}