{"id":61308,"date":"2022-09-19T11:24:49","date_gmt":"2022-09-19T17:24:49","guid":{"rendered":"https:\/\/portaltactica.com\/?p=61308"},"modified":"2022-09-19T11:24:52","modified_gmt":"2022-09-19T17:24:52","slug":"vucetich-es-trasladado-al-hospital-de-ultimo-momento","status":"publish","type":"post","link":"https:\/\/portaltactica.com\/?p=61308","title":{"rendered":"Vucetich es trasladado al hospital de \u00faltimo momento"},"content":{"rendered":"\n<p><strong>V\u00edctor Manuel Vucetich<\/strong>, director t\u00e9cnico de\u00a0<strong>Rayados<\/strong>, no inici\u00f3 bien esta semana y en las primeras horas de este lunes tuvo que ser llevado al hospital por protocolo y para ser revisado por los expertos de la salud.<\/p>\n\n\n\n<p>De acuerdo con informaci\u00f3n de Armando Medina, reportero de TUDN, al\u00a0<strong>Rey Midas<\/strong>\u00a0se le baj\u00f3 la presi\u00f3n y ese fue el motivo por el cual tuvo que ser trasladado a una cl\u00ednica en ambulancia.\u00a0<\/p>\n\n\n\n<figure class=\"wp-block-embed is-type-rich is-provider-twitter wp-block-embed-twitter\"><div class=\"wp-block-embed__wrapper\">\n<blockquote class=\"twitter-tweet\" data-width=\"550\" data-dnt=\"true\"><p lang=\"es\" dir=\"ltr\">Por protocolo, Vucetich fue trasladado a revisi\u00f3n al hospital.<br><br>Se le baj\u00f3 la presi\u00f3n este d\u00eda. <br>Vuce iba tranquilo, sentado y hasta sonriente en la ambulancia.<a href=\"https:\/\/twitter.com\/TUDNMEX?ref_src=twsrc%5Etfw\">@TUDNMEX<\/a> <a href=\"https:\/\/twitter.com\/TUDNUSA?ref_src=twsrc%5Etfw\">@TUDNUSA<\/a><\/p>&mdash; Diego Armando Medina (@DiegoArmaMedina) <a href=\"https:\/\/twitter.com\/DiegoArmaMedina\/status\/1571900988294037505?ref_src=twsrc%5Etfw\">September 19, 2022<\/a><\/blockquote><script async src=\"https:\/\/platform.twitter.com\/widgets.js\" charset=\"utf-8\"><\/script>\n<\/div><\/figure>\n\n\n\n<p>El mismo comunicador se\u00f1al\u00f3 que el entrenador de&nbsp;<strong>La Pandilla<\/strong>&nbsp;iba tranquilo, sentado y con una sonrisa en la ambulancia, por lo que la afici\u00f3n puede estar un poco m\u00e1s tranquila sobre la salud de su mandam\u00e1s.&nbsp;<\/p>\n\n\n\n<p><strong>V\u00edctor Manuel<\/strong>\u00a0tiene a su equipo subl\u00edder del\u00a0<strong>Apertura 2022<\/strong>\u00a0con 34 puntos, y buscar\u00e1 vencer al\u00a0<strong>Pachuca<\/strong>\u00a0en la \u00faltima jornada para lograr su mejor marca como DT de\u00a0<strong>Rayados<\/strong>, pues en sus otras etapas los puntos que m\u00e1s sum\u00f3 fueron 36, por lo que est\u00e1 en busca de una nueva marca personal.\u00a0<\/p>\n\n\n\n<p><\/p>\n\n\n\n<p style=\"font-size:9px\"><em>Fuente: R\u00e9cord.<\/em><\/p>\n<div class='share-to-whatsapp-wrapper'><div class='share-on-whsp'>Share on: <\/div><a data-text='Vucetich es trasladado al hospital de \u00faltimo momento' data-link='https:\/\/portaltactica.com\/?p=61308' class='whatsapp-button whatsapp-share'>WhatsApp<\/a><div class='clear '><\/div><\/div>","protected":false},"excerpt":{"rendered":"<p>V\u00edctor Manuel Vucetich, director t\u00e9cnico de\u00a0Rayados, no inici\u00f3 bien esta semana y en las primeras horas de este lunes tuvo que&hellip;<\/p>\n","protected":false},"author":2,"featured_media":61309,"comment_status":"closed","ping_status":"closed","sticky":false,"template":"","format":"standard","meta":{"advanced_seo_description":"","jetpack_seo_html_title":"","jetpack_seo_noindex":false,"_jetpack_memberships_contains_paid_content":false,"footnotes":"","jetpack_publicize_message":"","jetpack_publicize_feature_enabled":true,"jetpack_social_post_already_shared":true,"jetpack_social_options":{"image_generator_settings":{"template":"highway","default_image_id":0,"font":"","enabled":false},"version":2}},"categories":[1897],"tags":[329,3974],"class_list":["post-61308","post","type-post","status-publish","format-standard","has-post-thumbnail","hentry","category-destacado-nacional","tag-rayados","tag-victor-manuel-vucetich-2"],"jetpack_publicize_connections":[],"jetpack_featured_media_url":"https:\/\/portaltactica.com\/wp-content\/uploads\/2022\/09\/8-9.jpg","jetpack_sharing_enabled":true,"_links":{"self":[{"href":"https:\/\/portaltactica.com\/index.php?rest_route=\/wp\/v2\/posts\/61308","targetHints":{"allow":["GET"]}}],"collection":[{"href":"https:\/\/portaltactica.com\/index.php?rest_route=\/wp\/v2\/posts"}],"about":[{"href":"https:\/\/portaltactica.com\/index.php?rest_route=\/wp\/v2\/types\/post"}],"author":[{"embeddable":true,"href":"https:\/\/portaltactica.com\/index.php?rest_route=\/wp\/v2\/users\/2"}],"replies":[{"embeddable":true,"href":"https:\/\/portaltactica.com\/index.php?rest_route=%2Fwp%2Fv2%2Fcomments&post=61308"}],"version-history":[{"count":1,"href":"https:\/\/portaltactica.com\/index.php?rest_route=\/wp\/v2\/posts\/61308\/revisions"}],"predecessor-version":[{"id":61310,"href":"https:\/\/portaltactica.com\/index.php?rest_route=\/wp\/v2\/posts\/61308\/revisions\/61310"}],"wp:featuredmedia":[{"embeddable":true,"href":"https:\/\/portaltactica.com\/index.php?rest_route=\/wp\/v2\/media\/61309"}],"wp:attachment":[{"href":"https:\/\/portaltactica.com\/index.php?rest_route=%2Fwp%2Fv2%2Fmedia&parent=61308"}],"wp:term":[{"taxonomy":"category","embeddable":true,"href":"https:\/\/portaltactica.com\/index.php?rest_route=%2Fwp%2Fv2%2Fcategories&post=61308"},{"taxonomy":"post_tag","embeddable":true,"href":"https:\/\/portaltactica.com\/index.php?rest_route=%2Fwp%2Fv2%2Ftags&post=61308"}],"curies":[{"name":"wp","href":"https:\/\/api.w.org\/{rel}","templated":true}]}}