{"id":61020,"date":"2022-09-13T15:44:11","date_gmt":"2022-09-13T21:44:11","guid":{"rendered":"https:\/\/portaltactica.com\/?p=61020"},"modified":"2022-09-13T15:44:11","modified_gmt":"2022-09-13T21:44:11","slug":"por-el-dia-mundial-de-prevencion-del-suicidio-se-lleva-a-cabo-charla-en-el-cae-de-la-uas","status":"publish","type":"post","link":"https:\/\/portaltactica.com\/?p=61020","title":{"rendered":"Por el &#8220;D\u00eda Mundial de Prevenci\u00f3n del Suicidio&#8221; se lleva a cabo charla en el CAE de la UAS"},"content":{"rendered":"\n<p>El Centro de Atenci\u00f3n estudiantil (CAE) de la Unidad Regional Sur de la Universidad Aut\u00f3noma de Sinaloa, realiz\u00f3 una charla teniendo como plataforma el &#8220;D\u00eda Mundial de Prevenci\u00f3n del Suicidio&#8221;.<br><br>El evento llevado a cabo en la Escuela de Psicolog\u00eda Mazatl\u00e1n, fue impartido por el Psic\u00f3logo Jos\u00e9 Luis Aguilar Memije, del \u00e1rea de Psicolog\u00eda del CAE URS y se dirigi\u00f3 al grupo 1-02, poniendo en perspectiva la trascendencia de ese d\u00eda que rememora una problem\u00e1tica de salud p\u00fablica importante, aunque tambi\u00e9n descuidada; siendo la charla para hablar con los estudiantes sobre los estigmas, mitos y tab\u00faes que rodean el suicidio afectando gravemente a individuos, sus familias y comunidades.<br><br>En dicho contexto se destaca que en la Regi\u00f3n de las Am\u00e9ricas se notific\u00f3 un promedio de 98 mil muertes por suicidio al a\u00f1o entre 2015 y 2019, siendo la tasa de suicidio en Am\u00e9rica del Norte y el Caribe no hispano superior a la tasa regional, precisando que alrededor del 79% de los suicidios en la Regi\u00f3n ocurren en hombres. De lo que se desprende que el suicidio es la tercera causa de muerte entre los j\u00f3venes de 20 a 24 a\u00f1os en las Am\u00e9ricas.<br><br>Cabe mencionar que cada a\u00f1o, m\u00e1s de 703 mil personas se quitan la vida tras numerosos intentos de suicidio, lo que corresponde a una muerte cada 40 segundos.<br><br>Apoyando en la charla, estuvo presente la Responsable de Tutor\u00edas de la Unidad Acad\u00e9mica Lic. Viridiana Cruz Medrano.<\/p>\n\n\n\n<figure class=\"wp-block-image size-large\"><img fetchpriority=\"high\" decoding=\"async\" width=\"1024\" height=\"810\" src=\"https:\/\/portaltactica.com\/wp-content\/uploads\/2022\/09\/IMG-20220913-WA0058-1024x810.jpg\" alt=\"\" class=\"wp-image-61018\"\/><\/figure>\n<div class='share-to-whatsapp-wrapper'><div class='share-on-whsp'>Share on: <\/div><a data-text='Por el \"D\u00eda Mundial de Prevenci\u00f3n del Suicidio\" se lleva a cabo charla en el CAE de la UAS' data-link='https:\/\/portaltactica.com\/?p=61020' class='whatsapp-button whatsapp-share'>WhatsApp<\/a><div class='clear '><\/div><\/div>","protected":false},"excerpt":{"rendered":"<p>El Centro de Atenci\u00f3n estudiantil (CAE) de la Unidad Regional Sur de la Universidad Aut\u00f3noma de Sinaloa, realiz\u00f3 una charla teniendo&hellip;<\/p>\n","protected":false},"author":1,"featured_media":61019,"comment_status":"","ping_status":"","sticky":false,"template":"","format":"standard","meta":{"advanced_seo_description":"","jetpack_seo_html_title":"","jetpack_seo_noindex":false,"_jetpack_memberships_contains_paid_content":false,"footnotes":"","jetpack_publicize_message":"","jetpack_publicize_feature_enabled":true,"jetpack_social_post_already_shared":true,"jetpack_social_options":{"image_generator_settings":{"template":"highway","default_image_id":0,"font":"","enabled":false},"version":2}},"categories":[947],"tags":[558],"class_list":["post-61020","post","type-post","status-publish","format-standard","has-post-thumbnail","hentry","category-universidad","tag-uas"],"jetpack_publicize_connections":[],"jetpack_featured_media_url":"https:\/\/portaltactica.com\/wp-content\/uploads\/2022\/09\/IMG-20220913-WA0059.jpg","jetpack_sharing_enabled":true,"_links":{"self":[{"href":"https:\/\/portaltactica.com\/index.php?rest_route=\/wp\/v2\/posts\/61020","targetHints":{"allow":["GET"]}}],"collection":[{"href":"https:\/\/portaltactica.com\/index.php?rest_route=\/wp\/v2\/posts"}],"about":[{"href":"https:\/\/portaltactica.com\/index.php?rest_route=\/wp\/v2\/types\/post"}],"author":[{"embeddable":true,"href":"https:\/\/portaltactica.com\/index.php?rest_route=\/wp\/v2\/users\/1"}],"replies":[{"embeddable":true,"href":"https:\/\/portaltactica.com\/index.php?rest_route=%2Fwp%2Fv2%2Fcomments&post=61020"}],"version-history":[{"count":0,"href":"https:\/\/portaltactica.com\/index.php?rest_route=\/wp\/v2\/posts\/61020\/revisions"}],"wp:featuredmedia":[{"embeddable":true,"href":"https:\/\/portaltactica.com\/index.php?rest_route=\/wp\/v2\/media\/61019"}],"wp:attachment":[{"href":"https:\/\/portaltactica.com\/index.php?rest_route=%2Fwp%2Fv2%2Fmedia&parent=61020"}],"wp:term":[{"taxonomy":"category","embeddable":true,"href":"https:\/\/portaltactica.com\/index.php?rest_route=%2Fwp%2Fv2%2Fcategories&post=61020"},{"taxonomy":"post_tag","embeddable":true,"href":"https:\/\/portaltactica.com\/index.php?rest_route=%2Fwp%2Fv2%2Ftags&post=61020"}],"curies":[{"name":"wp","href":"https:\/\/api.w.org\/{rel}","templated":true}]}}