{"id":61017,"date":"2022-09-13T15:53:14","date_gmt":"2022-09-13T21:53:14","guid":{"rendered":"https:\/\/portaltactica.com\/?p=61017"},"modified":"2022-09-13T15:53:17","modified_gmt":"2022-09-13T21:53:17","slug":"revelan-la-ultima-convocatoria-de-la-seleccion-mexicana-previo-a-qatar-2022","status":"publish","type":"post","link":"https:\/\/portaltactica.com\/?p=61017","title":{"rendered":"Revelan la \u00faltima convocatoria de la Selecci\u00f3n Mexicana previo a Qatar 2022"},"content":{"rendered":"\n<p class=\"has-text-align-center\" style=\"font-size:22px\"><strong><em>Rogelio Funes Mori fue considerado por el Tata para los partidos amistosos contra Per\u00fa y Colombia; Carlos Acevedo no entr\u00f3 en la lista, entre otros. <\/em><\/strong><\/p>\n\n\n\n<p>Este martes, la Selecci\u00f3n Nacional de M\u00e9xico\u00a0dio a conocer la lista de jugadores convocados por\u00a0Gerardo Martino para disputar la \u00faltima Fecha FIFA, previa al inicio de la Copa del Mundo de Qatar 2022, en la cual aparecen los nombres de casi todos los jugadores\u00a0que acabaran por viajar a tierras mundialistas a finales del a\u00f1o. <\/p>\n\n\n\n<p>El nombre de Rogelio Funes Mori fue el que resalt\u00f3 en la lista de los 31 futbolistas considerados para los amistoso ante Per\u00fa y Colombia, que se disputar\u00e1n en Estados Unidos los d\u00edas\u00a0s\u00e1bado 24 y martes 27 de septiembre.<\/p>\n\n\n\n<figure class=\"wp-block-embed is-type-rich is-provider-twitter wp-block-embed-twitter\"><div class=\"wp-block-embed__wrapper\">\n<blockquote class=\"twitter-tweet\" data-width=\"550\" data-dnt=\"true\"><p lang=\"es\" dir=\"ltr\">\ud83d\udc64 Convocatoria para los partidos de preparaci\u00f3n \ud83c\udd9a Per\u00fa \ud83c\uddf5\ud83c\uddea y Colombia \ud83c\udde8\ud83c\uddf4 en California. \u26bd\ufe0f \ud83c\uddf2\ud83c\uddfd<br><br>\u00a1Venga, M\u00e9xico! \ud83d\udc9a <br>\ud83c\uddf6\ud83c\udde6 est\u00e1 cada vez m\u00e1s cerca. \ud83e\udd29 \ud83c\udfc6<br><br>M\u00e1s info. \ud83d\udc49\ud83c\udffb <a href=\"https:\/\/t.co\/uOv7PnPyXL\">https:\/\/t.co\/uOv7PnPyXL<\/a><a href=\"https:\/\/twitter.com\/hashtag\/MEXTOUR?src=hash&amp;ref_src=twsrc%5Etfw\">#MEXTOUR<\/a> | <a href=\"https:\/\/twitter.com\/hashtag\/FMFporNuestroF%C3%BAtbol?src=hash&amp;ref_src=twsrc%5Etfw\">#FMFporNuestroF\u00fatbol<\/a> <a href=\"https:\/\/t.co\/z1r5FQQvt1\">pic.twitter.com\/z1r5FQQvt1<\/a><\/p>&mdash; Selecci\u00f3n Nacional (@miseleccionmx) <a href=\"https:\/\/twitter.com\/miseleccionmx\/status\/1569765037648248833?ref_src=twsrc%5Etfw\">September 13, 2022<\/a><\/blockquote><script async src=\"https:\/\/platform.twitter.com\/widgets.js\" charset=\"utf-8\"><\/script>\n<\/div><\/figure>\n\n\n\n<p>Uno de los grandes ausentes de la convocatoria fue el portero Carlos Acevedo, ya que Memo Ochoa, Alfredo Talavera y Rodolfo Cota son los tres guardametas elegidos por el t\u00e9cnico argentino. <\/p>\n\n\n\n<p>Jes\u00fas Manuel &#8220;Tecatito&#8221; Corona y Marcelo Flores tampoco fueron considerados por el Tata Martino; el primero se encuentra de baja, luego de que hace unas semanas sufri\u00f3 una grave lesi\u00f3n en un entrenamiento con el Sevilla. <\/p>\n\n\n\n<p>Para la delantera fueron seleccionados Rogelio Funes Mori, Henry Mart\u00edn, Ra\u00fal Jim\u00e9nez y Santiago Gim\u00e9nez, los cuales pelear\u00e1n por amarrar uno de los lugares en el Tricolor para jugar en la pr\u00f3xima Copa del Mundo, donde M\u00e9xico se enfrentar\u00e1 a\u00a0Polonia, Argentina y Arabia Saudita en la Fase de Grupos. <\/p>\n\n\n\n<p>Lista completa del Tri<\/p>\n\n\n\n<ul class=\"wp-block-list\"><li>Guillermo Ochoa <\/li><li>Alfredo Talavera <\/li><li>Rodolfo Cota R <\/li><li>Jorge S\u00e1nchez <\/li><li>Edson \u00c1lvarez <\/li><li>N\u00e9stor Araujo <\/li><li>Carlos Rodr\u00edguez <\/li><li>Gerardo Arteaga <\/li><li>Kevin \u00c1lvarez <\/li><li>Jes\u00fas Gallardo <\/li><li>C\u00e9sar Montes <\/li><li>H\u00e9ctor Moreno <\/li><li>Jes\u00fas Alberto Angulo Uriarte <\/li><li>Johan V\u00e1zquez <\/li><li>Orbel\u00edn Pineda Alvarado <\/li><li>Uriel Antuna <\/li><li>Alexis Vega <\/li><li>Roberto Alvarado <\/li><li>Fernando Beltr\u00e1n <\/li><li>H\u00e9ctor Herrera <\/li><li>Erick Guti\u00e9rrez <\/li><li>Luis Gerardo Ch\u00e1vez Magall\u00f3n <\/li><li>Erick S\u00e1nchez <\/li><li>Luis Romo <\/li><li>Andr\u00e9s Guardado <\/li><li>Diego Lainez <\/li><li>Henry Mart\u00edn <\/li><li>Santiago Gim\u00e9nez <\/li><li>Hirving Lozano <\/li><li>Rogelio Funes Mori <\/li><li>Ra\u00fal Jim\u00e9nez Rodr\u00edguez <\/li><\/ul>\n\n\n\n<p><\/p>\n\n\n\n<p style=\"font-size:9px\"><em>Fuente: Mediotiempo.<\/em><\/p>\n<div class='share-to-whatsapp-wrapper'><div class='share-on-whsp'>Share on: <\/div><a data-text='Revelan la \u00faltima convocatoria de la Selecci\u00f3n Mexicana previo a Qatar 2022' data-link='https:\/\/portaltactica.com\/?p=61017' class='whatsapp-button whatsapp-share'>WhatsApp<\/a><div class='clear '><\/div><\/div>","protected":false},"excerpt":{"rendered":"<p>Rogelio Funes Mori fue considerado por el Tata para los partidos amistosos contra Per\u00fa y Colombia; Carlos Acevedo no entr\u00f3 en&hellip;<\/p>\n","protected":false},"author":2,"featured_media":61021,"comment_status":"closed","ping_status":"closed","sticky":false,"template":"","format":"standard","meta":{"advanced_seo_description":"","jetpack_seo_html_title":"","jetpack_seo_noindex":false,"_jetpack_memberships_contains_paid_content":false,"footnotes":"","jetpack_publicize_message":"","jetpack_publicize_feature_enabled":true,"jetpack_social_post_already_shared":true,"jetpack_social_options":{"image_generator_settings":{"template":"highway","default_image_id":0,"font":"","enabled":false},"version":2}},"categories":[1897],"tags":[589,40],"class_list":["post-61017","post","type-post","status-publish","format-standard","has-post-thumbnail","hentry","category-destacado-nacional","tag-qatar-2022","tag-seleccion-mexicana"],"jetpack_publicize_connections":[],"jetpack_featured_media_url":"https:\/\/portaltactica.com\/wp-content\/uploads\/2022\/09\/10-5.jpg","jetpack_sharing_enabled":true,"_links":{"self":[{"href":"https:\/\/portaltactica.com\/index.php?rest_route=\/wp\/v2\/posts\/61017","targetHints":{"allow":["GET"]}}],"collection":[{"href":"https:\/\/portaltactica.com\/index.php?rest_route=\/wp\/v2\/posts"}],"about":[{"href":"https:\/\/portaltactica.com\/index.php?rest_route=\/wp\/v2\/types\/post"}],"author":[{"embeddable":true,"href":"https:\/\/portaltactica.com\/index.php?rest_route=\/wp\/v2\/users\/2"}],"replies":[{"embeddable":true,"href":"https:\/\/portaltactica.com\/index.php?rest_route=%2Fwp%2Fv2%2Fcomments&post=61017"}],"version-history":[{"count":1,"href":"https:\/\/portaltactica.com\/index.php?rest_route=\/wp\/v2\/posts\/61017\/revisions"}],"predecessor-version":[{"id":61022,"href":"https:\/\/portaltactica.com\/index.php?rest_route=\/wp\/v2\/posts\/61017\/revisions\/61022"}],"wp:featuredmedia":[{"embeddable":true,"href":"https:\/\/portaltactica.com\/index.php?rest_route=\/wp\/v2\/media\/61021"}],"wp:attachment":[{"href":"https:\/\/portaltactica.com\/index.php?rest_route=%2Fwp%2Fv2%2Fmedia&parent=61017"}],"wp:term":[{"taxonomy":"category","embeddable":true,"href":"https:\/\/portaltactica.com\/index.php?rest_route=%2Fwp%2Fv2%2Fcategories&post=61017"},{"taxonomy":"post_tag","embeddable":true,"href":"https:\/\/portaltactica.com\/index.php?rest_route=%2Fwp%2Fv2%2Ftags&post=61017"}],"curies":[{"name":"wp","href":"https:\/\/api.w.org\/{rel}","templated":true}]}}