{"id":60865,"date":"2022-09-09T09:45:11","date_gmt":"2022-09-09T15:45:11","guid":{"rendered":"https:\/\/portaltactica.com\/?p=60865"},"modified":"2022-09-09T09:45:13","modified_gmt":"2022-09-09T15:45:13","slug":"el-agente-de-roger-federer-responde-a-las-reportes-sobre-el-campeon-de-tenis","status":"publish","type":"post","link":"https:\/\/portaltactica.com\/?p=60865","title":{"rendered":"El agente de Roger Federer responde a las reportes sobre el campe\u00f3n de tenis"},"content":{"rendered":"\n<p>El agente de Roger Federer ha abordado los rumores sobre &#8220;La leyenda suiza&#8221; que supuestamente se perder\u00e1 la pr\u00f3xima Copa Laver debido a problemas recurrentes con su rodilla reparada quir\u00fargicamente.<\/p>\n\n\n\n<p>Federer, que no jug\u00f3 desde que tuvo que someterse a una tercera operaci\u00f3n de rodilla despu\u00e9s de Wimbledon en 2021, se ha dicho que tendr\u00e1 su tan esperado regreso m\u00e1s tarde para el evento de exhibici\u00f3n de la Copa Laver este mes.<\/p>\n\n\n\n<p>En el evento del 23 al 26 de septiembre, Federer unir\u00e1 fuerzas con Rafa Nadal, Novak Djokovic y Andy Murray en el Equipo Europa, por primera vez que los cuatro miembros del &#8216;Big 4&#8217; juegan en el mismo equipo.<\/p>\n\n\n\n<p>Sin embargo, la participaci\u00f3n de Federer ha sido muy cuestionada, ya que esta semana han surgido informes desde Suiza que indican que podr\u00eda no estar en condiciones de jugar.<\/p>\n\n\n\n<p>Seg\u00fan la publicaci\u00f3n suiza daily scoreboardFederer podr\u00eda verse obligado a jugar un calendario m\u00e1s sencillo de la Copa Laver o perderse el evento por completo debido a los fluidos y la inflamaci\u00f3n en su rodilla.<\/p>\n\n\n\n<p>Las reglas del evento establecen que cada jugador debe jugar al menos un partido de individuales y uno de dobles, lo que podr\u00eda ser demasiado para Federer despu\u00e9s de 14 meses al margen.<\/p>\n\n\n\n<p>Adem\u00e1s, se ha comprometido a participar en el Swiss Indoors de Basilea en octubre, lo que dar\u00e1 forma a su regreso al ATP Tour.<\/p>\n\n\n\n<p>El agente de Federer y presidente del evento, Tony Godsick, se refiri\u00f3 a las informaciones sobre su participaci\u00f3n en la Laver Cup del jueves: &#8220;Federer lleva unas semanas entrenando. Tiene dolores pero sigue intent\u00e1ndolo.<\/p>\n\n\n\n<p>&#8220;Lleva semanas entrenando y quiere empezar en Londres y Basilea. Veremos en la Copa Laver si su rodilla aguanta&#8221;.<\/p>\n\n\n\n<p class=\"has-medium-font-size\"><strong>Roger Federer y Rafa Nadal en duda para la Copa Laver<\/strong><\/p>\n\n\n\n<p>Federer ayud\u00f3 a crear la Copa Laver con la leyenda australiana Rod Laver, y el evento por equipos se celebrar\u00e1 por quinta vez en Londres a finales de este mes.<\/p>\n\n\n\n<p>Los precios y la venta de entradas se han disparado debido al inter\u00e9s por ver a Federer de nuevo en acci\u00f3n, especialmente con la presencia de otros gigantes como Nadal, Djokovic y Murray.<\/p>\n\n\n\n<p>Sin embargo, la participaci\u00f3n de Nadal tambi\u00e9n est\u00e1 bajo una gran nube despu\u00e9s de que la estrella espa\u00f1ola revelara tras su derrota en el US Open que no est\u00e1 seguro de cu\u00e1ndo volver\u00e1 a jugar.<\/p>\n\n\n\n<p>Con su esposa Xisca esperando su primer hijo en las pr\u00f3ximas semanas y recientemente hospitalizado en Espa\u00f1a, Nadal dijo que ten\u00eda que priorizar su vida privada.<\/p>\n\n\n\n<p>Rafa Nadal y Roger Federer celebran con el trofeo en la Laver Cup 2019. (Foto de Clive Brunskill\/Getty Images for Laver Cup)<\/p>\n\n\n\n<p>&#8220;Ahora tengo que ir a casa, tengo cosas m\u00e1s importantes que hacer que el tenis&#8221;, dijo.<\/p>\n\n\n\n<p>&#8220;Las decisiones se toman en funci\u00f3n de mi vida personal, que est\u00e1 por encima de mi vida profesional.<\/p>\n\n\n\n<p>&#8220;Ha sido un poco dif\u00edcil durante unos meses, pero quiero terminar el a\u00f1o con algo muy importante, que es mi primer hijo.<\/p>\n\n\n\n<p>&#8220;Tengo que volver. Tengo que arreglar las cosas. No s\u00e9 cu\u00e1ndo volver\u00e9.<\/p>\n\n\n\n<p>&#8220;Intentar\u00e9 estar preparada mentalmente. Si siento que estoy listo para volver a competir, all\u00ed estar\u00e9&#8221;.<\/p>\n\n\n\n<p>La ausencia de Federer y Nadal ser\u00eda un gran golpe para los organizadores de la Copa Laver, ya que los aficionados se\u00f1alan los disparatados precios de las entradas para la edici\u00f3n de este a\u00f1o del evento.<\/p>\n\n\n\n<p><\/p>\n\n\n\n<p style=\"font-size:9px\"><em>Fuente: Usa sports.<\/em><\/p>\n<div class='share-to-whatsapp-wrapper'><div class='share-on-whsp'>Share on: <\/div><a data-text='El agente de Roger Federer responde a las reportes sobre el campe\u00f3n de tenis' data-link='https:\/\/portaltactica.com\/?p=60865' class='whatsapp-button whatsapp-share'>WhatsApp<\/a><div class='clear '><\/div><\/div>","protected":false},"excerpt":{"rendered":"<p>El agente de Roger Federer ha abordado los rumores sobre &#8220;La leyenda suiza&#8221; que supuestamente se perder\u00e1 la pr\u00f3xima Copa Laver&hellip;<\/p>\n","protected":false},"author":2,"featured_media":60866,"comment_status":"closed","ping_status":"closed","sticky":false,"template":"","format":"standard","meta":{"advanced_seo_description":"","jetpack_seo_html_title":"","jetpack_seo_noindex":false,"_jetpack_memberships_contains_paid_content":false,"footnotes":"","jetpack_publicize_message":"","jetpack_publicize_feature_enabled":true,"jetpack_social_post_already_shared":true,"jetpack_social_options":{"image_generator_settings":{"template":"highway","default_image_id":0,"font":"","enabled":false},"version":2}},"categories":[1898],"tags":[143],"class_list":["post-60865","post","type-post","status-publish","format-standard","has-post-thumbnail","hentry","category-destacado-internacional","tag-roger-federer"],"jetpack_publicize_connections":[],"jetpack_featured_media_url":"https:\/\/portaltactica.com\/wp-content\/uploads\/2022\/09\/7-6.jpg","jetpack_sharing_enabled":true,"_links":{"self":[{"href":"https:\/\/portaltactica.com\/index.php?rest_route=\/wp\/v2\/posts\/60865","targetHints":{"allow":["GET"]}}],"collection":[{"href":"https:\/\/portaltactica.com\/index.php?rest_route=\/wp\/v2\/posts"}],"about":[{"href":"https:\/\/portaltactica.com\/index.php?rest_route=\/wp\/v2\/types\/post"}],"author":[{"embeddable":true,"href":"https:\/\/portaltactica.com\/index.php?rest_route=\/wp\/v2\/users\/2"}],"replies":[{"embeddable":true,"href":"https:\/\/portaltactica.com\/index.php?rest_route=%2Fwp%2Fv2%2Fcomments&post=60865"}],"version-history":[{"count":1,"href":"https:\/\/portaltactica.com\/index.php?rest_route=\/wp\/v2\/posts\/60865\/revisions"}],"predecessor-version":[{"id":60867,"href":"https:\/\/portaltactica.com\/index.php?rest_route=\/wp\/v2\/posts\/60865\/revisions\/60867"}],"wp:featuredmedia":[{"embeddable":true,"href":"https:\/\/portaltactica.com\/index.php?rest_route=\/wp\/v2\/media\/60866"}],"wp:attachment":[{"href":"https:\/\/portaltactica.com\/index.php?rest_route=%2Fwp%2Fv2%2Fmedia&parent=60865"}],"wp:term":[{"taxonomy":"category","embeddable":true,"href":"https:\/\/portaltactica.com\/index.php?rest_route=%2Fwp%2Fv2%2Fcategories&post=60865"},{"taxonomy":"post_tag","embeddable":true,"href":"https:\/\/portaltactica.com\/index.php?rest_route=%2Fwp%2Fv2%2Ftags&post=60865"}],"curies":[{"name":"wp","href":"https:\/\/api.w.org\/{rel}","templated":true}]}}