{"id":60177,"date":"2022-08-25T12:28:46","date_gmt":"2022-08-25T18:28:46","guid":{"rendered":"https:\/\/portaltactica.com\/?p=60177"},"modified":"2022-08-25T12:28:50","modified_gmt":"2022-08-25T18:28:50","slug":"alonso-niega-su-implicacion-en-la-conspiracion-de-piastri","status":"publish","type":"post","link":"https:\/\/portaltactica.com\/?p=60177","title":{"rendered":"Alonso niega su implicaci\u00f3n en la &#8220;conspiraci\u00f3n&#8221; de Piastri"},"content":{"rendered":"\n<p>Fernando Alonso ha negado estar involucrado en una &#8220;conspiraci\u00f3n&#8221; para sabotear a Alpine e insiste en que no tiene nada que ver con la negativa de Oscar Piastri a conducir para el equipo la pr\u00f3xima temporada.<\/p>\n\n\n\n<p>Alonso sorprendi\u00f3 al paddock al anunciar a principios de agosto que dejar\u00eda Alpine al final de la temporada para sustituir al retirado Sebastian Vettel en Aston Martin, desencadenando una dram\u00e1tica saga de traspaso de pilotos que contin\u00faa desarroll\u00e1ndose mientras el deporte se prepara para reanudar su descanso estival en el Gran Premio de B\u00e9lgica de este fin de semana.<\/p>\n\n\n\n<p>Alpine anunci\u00f3 que el actual piloto reserva Piastri ocupar\u00eda el asiento de 2023, antes de que el joven de 21 a\u00f1os respondiera diciendo que no lo har\u00eda, lo que llev\u00f3 a especular que Alonso y su m\u00e1nager Flavio Briatore hab\u00edan estado al tanto de las intenciones del australiano.<\/p>\n\n\n\n<p>El anuncio de McLaren el mi\u00e9rcoles de que Daniel Ricciardo dejar\u00e1 el equipo al final de esta temporada ha confirmado que la escuder\u00eda de Woking tiene un acuerdo con Piastri, pero los Alpine siguen insistiendo en que tienen un contrato para que el joven aspirante se quede.<\/p>\n\n\n\n<p>Cuando se le pregunt\u00f3 sobre las teor\u00edas de la conspiraci\u00f3n y si Briatore hab\u00eda estado involucrado, Alonso dijo: &#8220;No, en absoluto.<\/p>\n\n\n\n<p>&#8220;Le\u00ed eso en los primeros d\u00edas y honestamente fue bastante triste y molesto leer esa conspiraci\u00f3n, porque tom\u00e9 esta decisi\u00f3n, expliqu\u00e9 por qu\u00e9.<\/p>\n\n\n\n<p>&#8220;Durante algunos meses que he estado hablando con el equipo sobre la ampliaci\u00f3n del contrato, pero nada lleg\u00f3 oficialmente y nada sucedi\u00f3 oficialmente, y Aston me llam\u00f3 despu\u00e9s de Seb se retir\u00f3. Si Sebastian hubiera continuado, probablemente esto no hubiera ocurrido, el paso a Aston. Hubo decisiones muy claras y muy f\u00e1ciles por mi parte, y lo que ocurri\u00f3 despu\u00e9s y lo que est\u00e1 ocurriendo con Oscar, no es en absoluto lo m\u00edo y estar\u00e9 completamente al margen&#8221;.<\/p>\n\n\n\n<p>Alonso, de 41 a\u00f1os, que gan\u00f3 dos campeonatos del mundo con Alpine [antes Renault] en 2005 y 2006, se reincorpor\u00f3 a la escuder\u00eda en 2021 en su regreso al deporte tras un par\u00e9ntesis de dos a\u00f1os.<\/p>\n\n\n\n<p>&#8220;\u00d3scar es un talento incre\u00edble para cualquier equipo, para el Alpine&#8221;, dijo Alonso. &#8220;Llevo dos a\u00f1os trabajando con \u00e9l y le deseo lo mejor y tambi\u00e9n lo mejor para Alpine, porque va a ser mi equipo este a\u00f1o, pero va a ser mi equipo siempre en mi coraz\u00f3n porque hemos conseguido cosas que eran impensables cuando empezamos la relaci\u00f3n.<\/p>\n\n\n\n<p>&#8220;Volv\u00ed al deporte tambi\u00e9n gracias a Alpine, as\u00ed que s\u00f3lo deseo lo mejor para ellos y esos comentarios que le\u00ed fueron tristes de leer&#8221;.<\/p>\n<div class='share-to-whatsapp-wrapper'><div class='share-on-whsp'>Share on: <\/div><a data-text='Alonso niega su implicaci\u00f3n en la \"conspiraci\u00f3n\" de Piastri' data-link='https:\/\/portaltactica.com\/?p=60177' class='whatsapp-button whatsapp-share'>WhatsApp<\/a><div class='clear '><\/div><\/div>","protected":false},"excerpt":{"rendered":"<p>Fernando Alonso ha negado estar involucrado en una &#8220;conspiraci\u00f3n&#8221; para sabotear a Alpine e insiste en que no tiene nada que&hellip;<\/p>\n","protected":false},"author":2,"featured_media":60178,"comment_status":"closed","ping_status":"closed","sticky":false,"template":"","format":"standard","meta":{"advanced_seo_description":"","jetpack_seo_html_title":"","jetpack_seo_noindex":false,"_jetpack_memberships_contains_paid_content":false,"footnotes":"","jetpack_publicize_message":"","jetpack_publicize_feature_enabled":true,"jetpack_social_post_already_shared":true,"jetpack_social_options":{"image_generator_settings":{"template":"highway","default_image_id":0,"font":"","enabled":false},"version":2}},"categories":[1898],"tags":[543,1954],"class_list":["post-60177","post","type-post","status-publish","format-standard","has-post-thumbnail","hentry","category-destacado-internacional","tag-f1","tag-fernando-alonso"],"jetpack_publicize_connections":[],"jetpack_featured_media_url":"https:\/\/portaltactica.com\/wp-content\/uploads\/2022\/08\/3-15.jpg","jetpack_sharing_enabled":true,"_links":{"self":[{"href":"https:\/\/portaltactica.com\/index.php?rest_route=\/wp\/v2\/posts\/60177","targetHints":{"allow":["GET"]}}],"collection":[{"href":"https:\/\/portaltactica.com\/index.php?rest_route=\/wp\/v2\/posts"}],"about":[{"href":"https:\/\/portaltactica.com\/index.php?rest_route=\/wp\/v2\/types\/post"}],"author":[{"embeddable":true,"href":"https:\/\/portaltactica.com\/index.php?rest_route=\/wp\/v2\/users\/2"}],"replies":[{"embeddable":true,"href":"https:\/\/portaltactica.com\/index.php?rest_route=%2Fwp%2Fv2%2Fcomments&post=60177"}],"version-history":[{"count":1,"href":"https:\/\/portaltactica.com\/index.php?rest_route=\/wp\/v2\/posts\/60177\/revisions"}],"predecessor-version":[{"id":60179,"href":"https:\/\/portaltactica.com\/index.php?rest_route=\/wp\/v2\/posts\/60177\/revisions\/60179"}],"wp:featuredmedia":[{"embeddable":true,"href":"https:\/\/portaltactica.com\/index.php?rest_route=\/wp\/v2\/media\/60178"}],"wp:attachment":[{"href":"https:\/\/portaltactica.com\/index.php?rest_route=%2Fwp%2Fv2%2Fmedia&parent=60177"}],"wp:term":[{"taxonomy":"category","embeddable":true,"href":"https:\/\/portaltactica.com\/index.php?rest_route=%2Fwp%2Fv2%2Fcategories&post=60177"},{"taxonomy":"post_tag","embeddable":true,"href":"https:\/\/portaltactica.com\/index.php?rest_route=%2Fwp%2Fv2%2Ftags&post=60177"}],"curies":[{"name":"wp","href":"https:\/\/api.w.org\/{rel}","templated":true}]}}