{"id":60149,"date":"2022-08-24T10:23:15","date_gmt":"2022-08-24T16:23:15","guid":{"rendered":"https:\/\/portaltactica.com\/?p=60149"},"modified":"2022-08-24T10:23:25","modified_gmt":"2022-08-24T16:23:25","slug":"daniel-ricciardo-dejara-mclaren-a-finales-de-2022","status":"publish","type":"post","link":"https:\/\/portaltactica.com\/?p=60149","title":{"rendered":"Daniel Ricciardo dejar\u00e1 McLaren a finales de 2022"},"content":{"rendered":"\n<p>Daniel Ricciardo dejar\u00e1 McLaren al final de la actual temporada de F1, s\u00f3lo unas semanas despu\u00e9s de que el australiano dijera que cumplir\u00eda su contrato con el equipo hasta el final de 2023.<\/p>\n\n\n\n<p>Pero despu\u00e9s de un par de a\u00f1os dif\u00edciles en los que el ocho veces ganador de carreras ha sido ampliamente superado por su compa\u00f1ero de equipo Lando Norris, ambas partes han acordado mutuamente terminar el acuerdo antes de tiempo.<\/p>\n\n\n\n<p>&#8220;Ha sido un privilegio formar parte de la familia de McLaren Racing durante las dos \u00faltimas temporadas&#8221;, dijo Ricciardo en un comunicado. &#8220;Anunciar\u00e9 mis propios planes de futuro a su debido tiempo, pero independientemente de lo que traiga este pr\u00f3ximo cap\u00edtulo, no me arrepiento de nada y estoy orgulloso del esfuerzo y el trabajo que le di a McLaren, especialmente la victoria en Monza, la temporada pasada&#8221;.<\/p>\n\n\n\n<p>&#8220;He disfrutado trabajando con todo el mundo en McLaren, tanto en la pista como en Woking, y lo dar\u00e9 todo dentro y fuera de la pista mientras disfrutamos juntos de lo que queda de temporada. Nunca he estado m\u00e1s motivado para competir y formar parte de un deporte que me gusta tanto y estoy deseando ver lo que viene.&#8221;<\/p>\n\n\n\n<p>El director del equipo, Andreas Seidl, a\u00f1adi\u00f3: &#8220;Me gustar\u00eda agradecer a Daniel su dedicaci\u00f3n y contribuci\u00f3n en las dos \u00faltimas temporadas. A pesar de los retos compartidos, siempre ha acudido con esp\u00edritu de lucha y positividad y ha ayudado a todo el equipo a seguir siempre adelante&#8221;.<\/p>\n\n\n\n<p>&#8220;Todav\u00eda tenemos una importante batalla en el Campeonato de Constructores por delante en lo que queda de temporada y esperamos poder luchar por ello con Daniel y Lando&#8221;.<\/p>\n\n\n\n<p>Por su parte, el director general de McLaren, Zak Brown, dijo lo siguiente: &#8220;No es ning\u00fan secreto que esper\u00e1bamos poder conseguir m\u00e1s cosas juntos, pero verle en el escal\u00f3n m\u00e1s alto del podio como piloto de McLaren ha sido todo un acontecimiento. Le deseamos lo mejor para el futuro y vamos a disfrutar del resto de la temporada juntos&#8221;.<\/p>\n\n\n\n<p>McLaren dice que anunciar\u00e1 su alineaci\u00f3n para 2023 a su debido tiempo, pero se sabe que el equipo de Woking quiere que el actual campe\u00f3n de la F2 y piloto reserva de Alpine, Oscar Piastri, ocupe el lugar de Ricciardo.<\/p>\n\n\n\n<p>No habr\u00e1s olvidado que el joven de 21 a\u00f1os estuvo en el centro del drama de la &#8220;silly season&#8221; de la F1 hace unas semanas, cuando Alpine anunci\u00f3 que sustituir\u00eda a Fernando Alonso para 2023, pero Piastri lo neg\u00f3.<\/p>\n<div class='share-to-whatsapp-wrapper'><div class='share-on-whsp'>Share on: <\/div><a data-text='Daniel Ricciardo dejar\u00e1 McLaren a finales de 2022' data-link='https:\/\/portaltactica.com\/?p=60149' class='whatsapp-button whatsapp-share'>WhatsApp<\/a><div class='clear '><\/div><\/div>","protected":false},"excerpt":{"rendered":"<p>Daniel Ricciardo dejar\u00e1 McLaren al final de la actual temporada de F1, s\u00f3lo unas semanas despu\u00e9s de que el australiano dijera&hellip;<\/p>\n","protected":false},"author":2,"featured_media":60150,"comment_status":"closed","ping_status":"closed","sticky":false,"template":"","format":"standard","meta":{"advanced_seo_description":"","jetpack_seo_html_title":"","jetpack_seo_noindex":false,"_jetpack_memberships_contains_paid_content":false,"footnotes":"","jetpack_publicize_message":"","jetpack_publicize_feature_enabled":true,"jetpack_social_post_already_shared":true,"jetpack_social_options":{"image_generator_settings":{"template":"highway","default_image_id":0,"font":"","enabled":false},"version":2}},"categories":[1898],"tags":[5040,543,1879],"class_list":["post-60149","post","type-post","status-publish","format-standard","has-post-thumbnail","hentry","category-destacado-internacional","tag-daniel-ricciardo","tag-f1","tag-mclaren"],"jetpack_publicize_connections":[],"jetpack_featured_media_url":"https:\/\/portaltactica.com\/wp-content\/uploads\/2022\/08\/2-17.jpg","jetpack_sharing_enabled":true,"_links":{"self":[{"href":"https:\/\/portaltactica.com\/index.php?rest_route=\/wp\/v2\/posts\/60149","targetHints":{"allow":["GET"]}}],"collection":[{"href":"https:\/\/portaltactica.com\/index.php?rest_route=\/wp\/v2\/posts"}],"about":[{"href":"https:\/\/portaltactica.com\/index.php?rest_route=\/wp\/v2\/types\/post"}],"author":[{"embeddable":true,"href":"https:\/\/portaltactica.com\/index.php?rest_route=\/wp\/v2\/users\/2"}],"replies":[{"embeddable":true,"href":"https:\/\/portaltactica.com\/index.php?rest_route=%2Fwp%2Fv2%2Fcomments&post=60149"}],"version-history":[{"count":1,"href":"https:\/\/portaltactica.com\/index.php?rest_route=\/wp\/v2\/posts\/60149\/revisions"}],"predecessor-version":[{"id":60151,"href":"https:\/\/portaltactica.com\/index.php?rest_route=\/wp\/v2\/posts\/60149\/revisions\/60151"}],"wp:featuredmedia":[{"embeddable":true,"href":"https:\/\/portaltactica.com\/index.php?rest_route=\/wp\/v2\/media\/60150"}],"wp:attachment":[{"href":"https:\/\/portaltactica.com\/index.php?rest_route=%2Fwp%2Fv2%2Fmedia&parent=60149"}],"wp:term":[{"taxonomy":"category","embeddable":true,"href":"https:\/\/portaltactica.com\/index.php?rest_route=%2Fwp%2Fv2%2Fcategories&post=60149"},{"taxonomy":"post_tag","embeddable":true,"href":"https:\/\/portaltactica.com\/index.php?rest_route=%2Fwp%2Fv2%2Ftags&post=60149"}],"curies":[{"name":"wp","href":"https:\/\/api.w.org\/{rel}","templated":true}]}}