{"id":59999,"date":"2022-08-20T17:29:32","date_gmt":"2022-08-20T23:29:32","guid":{"rendered":"https:\/\/portaltactica.com\/?p=59999"},"modified":"2022-08-20T17:29:32","modified_gmt":"2022-08-20T23:29:32","slug":"reconocen-trayectoria-de-angel-mena-en-la-cancha-martiniano-carvajal","status":"publish","type":"post","link":"https:\/\/portaltactica.com\/?p=59999","title":{"rendered":"Reconocen trayectoria de \u00c1ngel Mena en la cancha Martiniano Carvajal"},"content":{"rendered":"\n<p>La tercera y \u00faltima etapa de la Segunda Fuerza de la Liga de Basquetbol Sobre Silla de Ruedas arranca con una emotiva ceremonia de apertura.<br><br><br>Mazatl\u00e1n._ Con una emotiva ceremonia de apertura, se inaugur\u00f3 la tercera y \u00faltima etapa de la Segunda Fuerza de la Liga de Basquetbol Sobre Silla de Ruedas, en la cancha Martiniano Carvajal.<br><br>Alrededor de la figura del paratleta \u00c1ngel Salvador Mena Medina, autoridades deportivas, municipales y estatales, as\u00ed como los equipos Chuecos de Culiac\u00e1n, Gladiadores del \u00c9vora y Guerreros de Mazatl\u00e1n, se reunieron para rendirle un homenaje por su trayectoria.<br><br>Despu\u00e9s de los honores a la bandera realizados por la escolta y banda de guerra del Sindicato de Trabajadores al Servicio del Ayuntamiento de Mazatl\u00e1n, las palabras de bienvenida las realiz\u00f3 la directora del Instituto Municipal del Deporte, Fabiola Verde.<br><br>\u201cEstamos muy contentos porque hoy se reabren las puertas de esta cancha con un evento tan hermoso como \u00e9ste, que involucra al deporte adaptado y a las familias, en una cancha muy emblem\u00e1tica para muchos deportistas, en especial para los basquetbolistas\u201d, dijo Verde Rosas. <br><br>Mabel Valencia S\u00e1nchez, Secretaria T\u00e9cnica de Direcci\u00f3n del Sistema DIF Sinaloa, en representaci\u00f3n de la presidenta del Sistema DIF Sinaloa, Eneyda Rocha Ruiz, agradeci\u00f3 el apoyo para la organizaci\u00f3n del evento y el compromiso mostrado de cada uno de los involucrados para el crecimiento del deporte adaptado en todo el estado.<br><br>En representaci\u00f3n del Alcalde Luis Guillermo Ben\u00edtez Torres, el secretario del Ayuntamiento, \u00c9dgar Augusto Gonz\u00e1lez Zatar\u00e1in, entreg\u00f3 un reconocimiento al homenajeado y capit\u00e1n de Guerreros Mazatl\u00e1n, \u00c1ngel Mena, por impulsar el basquetbol sobre silla de ruedas, as\u00ed como a su equipo, de forma incondicional.<br><br>\u201cNos da much\u00edsimo gusto arropar a quienes hoy participan en esta liga de baloncesto, para nosotros es un gran orgullo tener este tipo de eventos que engalanan a Mazatl\u00e1n, los felicito a todos por este gran esfuerzo y por ser parte de esta din\u00e1mica\u201d, expres\u00f3. <br><br>A partir de este s\u00e1bado y ma\u00f1ana domingo, Chuecos de Culiac\u00e1n, Gladiadores del \u00c9vora y Guerreros de Mazatl\u00e1n, disputan la supremac\u00eda de la Segunda Fuerza del Libasir, que involucra a m\u00e1s de 40 jugadores con diferentes discapacidades como meningocele, amputaciones, auditiva y par\u00e1lisis cerebral.<br><br>Entre las diferentes autoridades que asistieron a la ceremonia inaugural de la Liga de Baloncesto Sobre Silla de Ruedas, estuvieron presentes, Brenda Borboa Sarabia, directora del Sistema DIF Mazatl\u00e1n; David Eduardo Vargas Rodr\u00edguez, presidente del PIDS; Jos\u00e9 Carlos L\u00f3pez Tirado, director de Desarrollo del Deporte del Isde; y H\u00e9ctor Mel\u00e9ndez Cano, coordinador de Deporte Adaptado del Sistema DIF Sinaloa.<br><br>As\u00ed como Karla Daniela Ulloa Rodr\u00edguez, jefa del Departamento Administrativo del CRRI DIF Sinaloa; Aleida Beatriz Gonz\u00e1lez Dom\u00ednguez, presidenta del Comit\u00e9 Municipal de Deporte Adaptado Mazatl\u00e1n; \u00d3scar Mon\u00e1rrez R\u00edos, presidente de la Liga de Baloncesto Sobre Silla de Ruedas; Jos\u00e9 \u00c1ngel Vega Salcido, coordinador de Deporte Federado y Adaptado del Instituto Municipal del Deporte Mazatl\u00e1n; Juan Castellanos, encargado de Deporte Adaptado del Imdem; adem\u00e1s de los Regidores de Cabildo, Roberto Rodr\u00edguez y Bernardo Alcaraz.<br><br>DE VIVA VOZ<br>\u201cAgradezco a mis compa\u00f1eros con quienes a diario hacemos equipo, sin ellos yo no estar\u00eda aqu\u00ed, as\u00ed como a las instituciones por su invaluable apoyo para hacer realidad este proyecto del deporte adaptado. Vamos a seguir dando nuestro m\u00e1ximo esfuerzo para retribuir este homenaje\u201d. <\/p>\n\n\n\n<p><br>\u00c1ngel Salvador Mena Medina<br>Paratleta mazatleco<\/p>\n\n\n\n<figure class=\"wp-block-gallery columns-3 is-cropped wp-block-gallery-1 is-layout-flex wp-block-gallery-is-layout-flex\"><ul class=\"blocks-gallery-grid\"><li class=\"blocks-gallery-item\"><figure><img fetchpriority=\"high\" decoding=\"async\" width=\"1024\" height=\"750\" src=\"https:\/\/portaltactica.com\/wp-content\/uploads\/2022\/08\/IMG-20220820-WA0060-1024x750.jpg\" alt=\"\" data-id=\"59995\" class=\"wp-image-59995\"\/><\/figure><\/li><li class=\"blocks-gallery-item\"><figure><img decoding=\"async\" width=\"1024\" height=\"1024\" src=\"https:\/\/portaltactica.com\/wp-content\/uploads\/2022\/08\/IMG-20220820-WA0055-1024x1024.jpg\" alt=\"\" data-id=\"59996\" class=\"wp-image-59996\" srcset=\"https:\/\/portaltactica.com\/wp-content\/uploads\/2022\/08\/IMG-20220820-WA0055-1024x1024.jpg 1024w, https:\/\/portaltactica.com\/wp-content\/uploads\/2022\/08\/IMG-20220820-WA0055-300x300.jpg 300w, https:\/\/portaltactica.com\/wp-content\/uploads\/2022\/08\/IMG-20220820-WA0055-585x585.jpg 585w\" sizes=\"(max-width: 1024px) 100vw, 1024px\" \/><\/figure><\/li><li class=\"blocks-gallery-item\"><figure><img decoding=\"async\" width=\"842\" height=\"1024\" src=\"https:\/\/portaltactica.com\/wp-content\/uploads\/2022\/08\/IMG-20220820-WA0053-842x1024.jpg\" alt=\"\" data-id=\"59997\" class=\"wp-image-59997\"\/><\/figure><\/li><li class=\"blocks-gallery-item\"><figure><img loading=\"lazy\" decoding=\"async\" width=\"1024\" height=\"977\" src=\"https:\/\/portaltactica.com\/wp-content\/uploads\/2022\/08\/IMG-20220820-WA0057-1024x977.jpg\" alt=\"\" data-id=\"59994\" class=\"wp-image-59994\"\/><\/figure><\/li><\/ul><\/figure>\n<div class='share-to-whatsapp-wrapper'><div class='share-on-whsp'>Share on: <\/div><a data-text='Reconocen trayectoria de \u00c1ngel Mena en la cancha Martiniano Carvajal' data-link='https:\/\/portaltactica.com\/?p=59999' class='whatsapp-button whatsapp-share'>WhatsApp<\/a><div class='clear '><\/div><\/div>","protected":false},"excerpt":{"rendered":"<p>La tercera y \u00faltima etapa de la Segunda Fuerza de la Liga de Basquetbol Sobre Silla de Ruedas arranca con una&hellip;<\/p>\n","protected":false},"author":1,"featured_media":59998,"comment_status":"","ping_status":"","sticky":false,"template":"","format":"standard","meta":{"advanced_seo_description":"","jetpack_seo_html_title":"","jetpack_seo_noindex":false,"_jetpack_memberships_contains_paid_content":false,"footnotes":"","jetpack_publicize_message":"","jetpack_publicize_feature_enabled":true,"jetpack_social_post_already_shared":true,"jetpack_social_options":{"image_generator_settings":{"template":"highway","default_image_id":0,"font":"","enabled":false},"version":2}},"categories":[1899],"tags":[37],"class_list":["post-59999","post","type-post","status-publish","format-standard","has-post-thumbnail","hentry","category-destacado-mazatlan","tag-imdem"],"jetpack_publicize_connections":[],"jetpack_featured_media_url":"https:\/\/portaltactica.com\/wp-content\/uploads\/2022\/08\/IMG-20220820-WA0059.jpg","jetpack_sharing_enabled":true,"_links":{"self":[{"href":"https:\/\/portaltactica.com\/index.php?rest_route=\/wp\/v2\/posts\/59999","targetHints":{"allow":["GET"]}}],"collection":[{"href":"https:\/\/portaltactica.com\/index.php?rest_route=\/wp\/v2\/posts"}],"about":[{"href":"https:\/\/portaltactica.com\/index.php?rest_route=\/wp\/v2\/types\/post"}],"author":[{"embeddable":true,"href":"https:\/\/portaltactica.com\/index.php?rest_route=\/wp\/v2\/users\/1"}],"replies":[{"embeddable":true,"href":"https:\/\/portaltactica.com\/index.php?rest_route=%2Fwp%2Fv2%2Fcomments&post=59999"}],"version-history":[{"count":0,"href":"https:\/\/portaltactica.com\/index.php?rest_route=\/wp\/v2\/posts\/59999\/revisions"}],"wp:featuredmedia":[{"embeddable":true,"href":"https:\/\/portaltactica.com\/index.php?rest_route=\/wp\/v2\/media\/59998"}],"wp:attachment":[{"href":"https:\/\/portaltactica.com\/index.php?rest_route=%2Fwp%2Fv2%2Fmedia&parent=59999"}],"wp:term":[{"taxonomy":"category","embeddable":true,"href":"https:\/\/portaltactica.com\/index.php?rest_route=%2Fwp%2Fv2%2Fcategories&post=59999"},{"taxonomy":"post_tag","embeddable":true,"href":"https:\/\/portaltactica.com\/index.php?rest_route=%2Fwp%2Fv2%2Ftags&post=59999"}],"curies":[{"name":"wp","href":"https:\/\/api.w.org\/{rel}","templated":true}]}}