{"id":59924,"date":"2022-08-17T18:33:00","date_gmt":"2022-08-18T00:33:00","guid":{"rendered":"https:\/\/portaltactica.com\/?p=59924"},"modified":"2022-08-18T18:37:58","modified_gmt":"2022-08-19T00:37:58","slug":"brindan-a-personal-del-jardin-de-ninos-las-herramientas-para-la-inclusion-en-las-aulas","status":"publish","type":"post","link":"https:\/\/portaltactica.com\/?p=59924","title":{"rendered":"Brindan a personal del Jard\u00edn de Ni\u00f1os las herramientas para la inclusi\u00f3n en las aulas"},"content":{"rendered":"\n<p>Con personal acad\u00e9mico y administrativo el Jard\u00edn de Ni\u00f1os de la Universidad Aut\u00f3noma de Sinaloa (UAS) llev\u00f3 a cabo jornada de capacitaci\u00f3n en lo referente al uso y pr\u00e1ctica del lenguaje de se\u00f1as mexicanas, acci\u00f3n que busca consolidar la inclusi\u00f3n dentro de las aulas de este plantel.<br>Claudia Guadalupe Ojeda, directora de la unidad acad\u00e9mica destac\u00f3 que el tema de la inclusi\u00f3n es algo que lleg\u00f3 para quedarse en la escuela de los estudiantes m\u00e1s peque\u00f1os de la UAS, toda vez que esto es un buen cimiento que se deja a los ni\u00f1os para su edad adulta, pero tambi\u00e9n es un basti\u00f3n de desarrollo para aquellos estudiantes que tienen alguna debilidad auditiva y al sumarlos como uno m\u00e1s en el aula su despegue formativo ya no tiene l\u00edmites.<br>\u201cSon talleres que van a impactar directamente en nuestras aulas, con nuestras ni\u00f1as y ni\u00f1os en edad de preescolar, que el el caso del Jard\u00edn de Ni\u00f1os se est\u00e1 haciendo alusi\u00f3n desde el ciclo anterior porque tenemos un ni\u00f1o con discapacidad auditiva, el caso es que se requiere realmente tener esas herramientas, no solo la maestra de grupo, sino todo el personal, as\u00ed como sus compa\u00f1eros y compa\u00f1eras\u201d, enfatiz\u00f3.<br>La directora del Jard\u00edn de Ni\u00f1os de la UAS, en el cual se cuenta con una matr\u00edcula actual para el ciclo escolar que est\u00e1 por iniciar de 500 estudiantes, manifest\u00f3 que este tipo de capacitaciones sensibiliza a todos y contribuye a elevar esa armon\u00eda que el ser humano necesita para desarrollarse y sentirse confortado en cualquier ambiente, ll\u00e1mese familia, centro escolar y\/o trabajo.<br>\u201cLa responsabilidad que tiene el Jard\u00edn de Ni\u00f1os es implementar que no solamente el int\u00e9rprete, que tenemos de Secretaria Acad\u00e9mica, as\u00ed como tambi\u00e9n la maestra en cierto sentido los ni\u00f1os est\u00e1n despertando esta pauta de saber y conocer esta lengua de se\u00f1as, y comunicarse con su compa\u00f1ero y eso va a aperturando tambi\u00e9n que pueda hacerlo en la sociedad y pueda tener esa sensibilidad y empat\u00eda hacia el otro, como seres humanos es un rubro muy importante para los peque\u00f1os generar estas sinergias\u201d, detall\u00f3.<br>As\u00ed mismo la acad\u00e9mica a\u00f1adi\u00f3 que dentro de este conjunto de capacitaciones tambi\u00e9n es que de manera conjunta con el personal del Centro de Pol\u00edticas de G\u00e9nero se dieron unos talleres referentes a la Sensibilizaci\u00f3n para la igualdad de g\u00e9nero, la Igualdad e inclusi\u00f3n de la diversidad sin discriminaci\u00f3n, as\u00ed como Detecci\u00f3n y prevenci\u00f3n de la violencia en la recepci\u00f3n y entrega de ni\u00f1as y ni\u00f1os.<br>&nbsp;<\/p>\n<div class='share-to-whatsapp-wrapper'><div class='share-on-whsp'>Share on: <\/div><a data-text='Brindan a personal del Jard\u00edn de Ni\u00f1os las herramientas para la inclusi\u00f3n en las aulas' data-link='https:\/\/portaltactica.com\/?p=59924' class='whatsapp-button whatsapp-share'>WhatsApp<\/a><div class='clear '><\/div><\/div>","protected":false},"excerpt":{"rendered":"<p>Con personal acad\u00e9mico y administrativo el Jard\u00edn de Ni\u00f1os de la Universidad Aut\u00f3noma de Sinaloa (UAS) llev\u00f3 a cabo jornada de&hellip;<\/p>\n","protected":false},"author":1,"featured_media":59925,"comment_status":"closed","ping_status":"closed","sticky":false,"template":"","format":"standard","meta":{"advanced_seo_description":"","jetpack_seo_html_title":"","jetpack_seo_noindex":false,"_jetpack_memberships_contains_paid_content":false,"footnotes":"","jetpack_publicize_message":"","jetpack_publicize_feature_enabled":true,"jetpack_social_post_already_shared":true,"jetpack_social_options":{"image_generator_settings":{"template":"highway","default_image_id":0,"font":"","enabled":false},"version":2}},"categories":[947],"tags":[558],"class_list":["post-59924","post","type-post","status-publish","format-standard","has-post-thumbnail","hentry","category-universidad","tag-uas"],"jetpack_publicize_connections":[],"jetpack_featured_media_url":"https:\/\/portaltactica.com\/wp-content\/uploads\/2022\/08\/grande_633035001660774135.jpg","jetpack_sharing_enabled":true,"_links":{"self":[{"href":"https:\/\/portaltactica.com\/index.php?rest_route=\/wp\/v2\/posts\/59924","targetHints":{"allow":["GET"]}}],"collection":[{"href":"https:\/\/portaltactica.com\/index.php?rest_route=\/wp\/v2\/posts"}],"about":[{"href":"https:\/\/portaltactica.com\/index.php?rest_route=\/wp\/v2\/types\/post"}],"author":[{"embeddable":true,"href":"https:\/\/portaltactica.com\/index.php?rest_route=\/wp\/v2\/users\/1"}],"replies":[{"embeddable":true,"href":"https:\/\/portaltactica.com\/index.php?rest_route=%2Fwp%2Fv2%2Fcomments&post=59924"}],"version-history":[{"count":1,"href":"https:\/\/portaltactica.com\/index.php?rest_route=\/wp\/v2\/posts\/59924\/revisions"}],"predecessor-version":[{"id":59926,"href":"https:\/\/portaltactica.com\/index.php?rest_route=\/wp\/v2\/posts\/59924\/revisions\/59926"}],"wp:featuredmedia":[{"embeddable":true,"href":"https:\/\/portaltactica.com\/index.php?rest_route=\/wp\/v2\/media\/59925"}],"wp:attachment":[{"href":"https:\/\/portaltactica.com\/index.php?rest_route=%2Fwp%2Fv2%2Fmedia&parent=59924"}],"wp:term":[{"taxonomy":"category","embeddable":true,"href":"https:\/\/portaltactica.com\/index.php?rest_route=%2Fwp%2Fv2%2Fcategories&post=59924"},{"taxonomy":"post_tag","embeddable":true,"href":"https:\/\/portaltactica.com\/index.php?rest_route=%2Fwp%2Fv2%2Ftags&post=59924"}],"curies":[{"name":"wp","href":"https:\/\/api.w.org\/{rel}","templated":true}]}}