{"id":59881,"date":"2022-08-17T17:08:44","date_gmt":"2022-08-17T23:08:44","guid":{"rendered":"https:\/\/portaltactica.com\/?p=59881"},"modified":"2022-08-17T17:08:44","modified_gmt":"2022-08-17T23:08:44","slug":"refrendan-directores-su-respaldo-al-trabajo-del-rector-al-frente-de-la-uas","status":"publish","type":"post","link":"https:\/\/portaltactica.com\/?p=59881","title":{"rendered":"Refrendan directores su respaldo al trabajo del Rector al frente de la UAS"},"content":{"rendered":"\n<p>Las y los directores de unidades acad\u00e9micas de los niveles medio superior y superior de la Universidad Aut\u00f3noma de Sinaloa (UAS) refrendaron su respaldo al Rector, doctor Jes\u00fas Madue\u00f1a Molina, al Plan de Desarrollo Institucional Con Visi\u00f3n de Futuro 2025, y su vocaci\u00f3n de trabajo a favor de la educaci\u00f3n, de los Derechos Humanos, de la inclusi\u00f3n y de la equidad.<br><br>En Reuni\u00f3n del Colegio de Directores encabezada por el Rector, los dirigentes de preparatorias y facultades de la Casa Rosalina se pronunciaron tambi\u00e9n por seguir en unidad aportando su quehacer a la transformaci\u00f3n de Sinaloa y de M\u00e9xico, t\u00f3picos que quedaron plasmados en un comunicado dirigido a la sociedad en general y a la comunidad universitaria y que firmaron al t\u00e9rmino del evento.<br><br>El documento hace referencia al compromiso de la UAS con los principios de Autonom\u00eda Universitaria, de universalidad y cobertura total, poniendo en claro que fue la primera instituci\u00f3n p\u00fablica del pa\u00eds en brindar cobertura total en los niveles medio superior y superior por segundo a\u00f1o consecutivo, y la primera en iniciar clases presenciales; adem\u00e1s se cita que en el nuevo ciclo escolar 2022-2023 se atender\u00e1 un 25 por ciento m\u00e1s de alumnos de nuevo ingreso.<br><br>\u201cDesde nuestras Unidades Acad\u00e9micas de Preparatoria y del nivel Profesional, estamos tomando todas las medidas necesarias para que nuestros nuevos alumnos cuenten con un espacio digno, con procesos de aprendizaje eficientes y aut\u00e9nticas oportunidades de crecimiento acad\u00e9mico y personal\u201d, expres\u00f3 la directora de la Facultad de Arquitectura Culiac\u00e1n, doctora Armida Llamas Estrada, al leer el comunicado.<br><br>Se destaca tambi\u00e9n que, como siempre, seguir\u00e1n impulsando las acciones para el aseguramiento de la excelencia acad\u00e9mica e incrementar los indicadores que posicionan a la UAS como una de las mejores universidades del pa\u00eds y temas como cobertura, competitividad acad\u00e9mica, investigaci\u00f3n cient\u00edfica y humanista, cultura, deporte, optimizaci\u00f3n de recursos, transparencia y rendici\u00f3n de cuentas seguir\u00e1n en el centro de su agenda.<br><br>\u201cEl ciclo escolar 2022-2023 ser\u00e1 de enormes desaf\u00edos, y ninguno permite distracciones ni actos de simulaci\u00f3n, al contrario, seguiremos concentrados en nuestra misi\u00f3n formativa, en nuestras tareas institucionales, con una clara visi\u00f3n del impacto que tiene la educaci\u00f3n en el desarrollo social y en el bienestar de las familias\u201d, se cita en el documento.<br><br>La reuni\u00f3n con directores se realiz\u00f3 para reafirmar los compromisos y retomar las metas que se tiene con la educaci\u00f3n y los j\u00f3venes, as\u00ed como definir las rutas de trabajo para los pr\u00f3ximos meses y sobre todo para el inicio del nuevo ciclo escolar, por ello se abordaron los temas de Actualizaci\u00f3n de Constancia de Situaci\u00f3n Fiscal, Optimizaci\u00f3n del Recurso Humano, Cargas acad\u00e9micas, Seguimiento al Plan de Austeridad, Proceso de Inscripci\u00f3n, Formaci\u00f3n Acad\u00e9mica, Certificaci\u00f3n de Preparatorias (Norma IS0 21001:2018), Diagn\u00f3stico del nuevo ingreso a preparatorias, Protocolos para la Enfermedad de la Viruela S\u00edmica, Difusi\u00f3n y Generaci\u00f3n de Contenido y el Modelo Educativo y Acad\u00e9mico 2022.<br><br>El Rector Madue\u00f1a Molina reiter\u00f3 que la UAS est\u00e1 cumpliendo con la SEP en el tema de cobertura universal y con el SAT en el pago de impuestos y timbrado de n\u00f3mina; inform\u00f3 que se tuvo saldo blanco en vacaciones, pidi\u00f3 a los directores estar atentos y unidos para defender el trabajo de la instituci\u00f3n, continuar con el Plan de Austeridad y enfatiz\u00f3 que se est\u00e1 trabajando fuerte en las gestiones para la consecuci\u00f3n de recursos.<\/p>\n\n\n\n<figure class=\"wp-block-image size-large\"><img fetchpriority=\"high\" decoding=\"async\" width=\"1024\" height=\"853\" src=\"https:\/\/portaltactica.com\/wp-content\/uploads\/2022\/08\/IMG-20220817-WA0062-1024x853.jpg\" alt=\"\" class=\"wp-image-59879\"\/><\/figure>\n<div class='share-to-whatsapp-wrapper'><div class='share-on-whsp'>Share on: <\/div><a data-text='Refrendan directores su respaldo al trabajo del Rector al frente de la UAS' data-link='https:\/\/portaltactica.com\/?p=59881' class='whatsapp-button whatsapp-share'>WhatsApp<\/a><div class='clear '><\/div><\/div>","protected":false},"excerpt":{"rendered":"<p>Las y los directores de unidades acad\u00e9micas de los niveles medio superior y superior de la Universidad Aut\u00f3noma de Sinaloa (UAS)&hellip;<\/p>\n","protected":false},"author":1,"featured_media":59880,"comment_status":"","ping_status":"","sticky":false,"template":"","format":"standard","meta":{"advanced_seo_description":"","jetpack_seo_html_title":"","jetpack_seo_noindex":false,"_jetpack_memberships_contains_paid_content":false,"footnotes":"","jetpack_publicize_message":"","jetpack_publicize_feature_enabled":true,"jetpack_social_post_already_shared":true,"jetpack_social_options":{"image_generator_settings":{"template":"highway","default_image_id":0,"font":"","enabled":false},"version":2}},"categories":[949],"tags":[558],"class_list":["post-59881","post","type-post","status-publish","format-standard","has-post-thumbnail","hentry","category-destacado-mi-sinaloa","tag-uas"],"jetpack_publicize_connections":[],"jetpack_featured_media_url":"https:\/\/portaltactica.com\/wp-content\/uploads\/2022\/08\/IMG-20220817-WA0063.jpg","jetpack_sharing_enabled":true,"_links":{"self":[{"href":"https:\/\/portaltactica.com\/index.php?rest_route=\/wp\/v2\/posts\/59881","targetHints":{"allow":["GET"]}}],"collection":[{"href":"https:\/\/portaltactica.com\/index.php?rest_route=\/wp\/v2\/posts"}],"about":[{"href":"https:\/\/portaltactica.com\/index.php?rest_route=\/wp\/v2\/types\/post"}],"author":[{"embeddable":true,"href":"https:\/\/portaltactica.com\/index.php?rest_route=\/wp\/v2\/users\/1"}],"replies":[{"embeddable":true,"href":"https:\/\/portaltactica.com\/index.php?rest_route=%2Fwp%2Fv2%2Fcomments&post=59881"}],"version-history":[{"count":0,"href":"https:\/\/portaltactica.com\/index.php?rest_route=\/wp\/v2\/posts\/59881\/revisions"}],"wp:featuredmedia":[{"embeddable":true,"href":"https:\/\/portaltactica.com\/index.php?rest_route=\/wp\/v2\/media\/59880"}],"wp:attachment":[{"href":"https:\/\/portaltactica.com\/index.php?rest_route=%2Fwp%2Fv2%2Fmedia&parent=59881"}],"wp:term":[{"taxonomy":"category","embeddable":true,"href":"https:\/\/portaltactica.com\/index.php?rest_route=%2Fwp%2Fv2%2Fcategories&post=59881"},{"taxonomy":"post_tag","embeddable":true,"href":"https:\/\/portaltactica.com\/index.php?rest_route=%2Fwp%2Fv2%2Ftags&post=59881"}],"curies":[{"name":"wp","href":"https:\/\/api.w.org\/{rel}","templated":true}]}}