{"id":59788,"date":"2022-08-15T19:11:25","date_gmt":"2022-08-16T01:11:25","guid":{"rendered":"https:\/\/portaltactica.com\/?p=59788"},"modified":"2022-08-15T19:11:25","modified_gmt":"2022-08-16T01:11:25","slug":"paratletlas-se-preparan-mentalmente-para-la-etapa-estatal-de-los-paranacionales-conade-2022","status":"publish","type":"post","link":"https:\/\/portaltactica.com\/?p=59788","title":{"rendered":"Paratletlas se preparan mentalmente para la etapa estatal de los Paranacionales Conade 2022"},"content":{"rendered":"\n<p>Mazatl\u00e1n._ De la mano del Instituto Municipal del Deporte Mazatl\u00e1n, la delegaci\u00f3n de paratletas mazatlecos se prepara mentalmente con miras a su participaci\u00f3n en la etapa estatal de los Paranacionales Conade 2022. <br><br>El trabajo en equipo, la disciplina y la fuerza mental, son claves para alcanzar el \u00e9xito, indic\u00f3 la directora del Imdem, Fabiola Verde Rosas, quien preocupada por que los atletas refuercen sus habilidades, organiz\u00f3 las sesiones de trabajo en coordinaci\u00f3n con los psic\u00f3logos Rafael Ballesteros y Perla Valdez, integrantes del equipo multidisciplinario del departamento de Deporte Federado y Adaptado del Instituto. <br><br>A trav\u00e9s de interesantes talleres y din\u00e1micas de integraci\u00f3n de equipos, Ballesteros y Valdez brindaron atenci\u00f3n a los paratletas e integrantes del Comit\u00e9 Municipal de Deporte Adaptado, explicando de manera l\u00fadica el compromiso que tienen con sus compa\u00f1eros, adem\u00e1s de c\u00f3mo dar el extra en el terreno de juego y obtener mejores resultados. <br><br>Esta es la primera sesi\u00f3n de cuatro programadas por el equipo multidisciplinario del Imdem que se les impartir\u00e1n previo a la etapa estatal de los Paranacionales Conade 2022.<\/p>\n\n\n\n<figure class=\"wp-block-gallery columns-3 is-cropped wp-block-gallery-1 is-layout-flex wp-block-gallery-is-layout-flex\"><ul class=\"blocks-gallery-grid\"><li class=\"blocks-gallery-item\"><figure><img fetchpriority=\"high\" decoding=\"async\" width=\"1024\" height=\"1024\" src=\"https:\/\/portaltactica.com\/wp-content\/uploads\/2022\/08\/IMG-20220815-WA0063-1024x1024.jpg\" alt=\"\" data-id=\"59785\" class=\"wp-image-59785\" srcset=\"https:\/\/portaltactica.com\/wp-content\/uploads\/2022\/08\/IMG-20220815-WA0063-1024x1024.jpg 1024w, https:\/\/portaltactica.com\/wp-content\/uploads\/2022\/08\/IMG-20220815-WA0063-300x300.jpg 300w, https:\/\/portaltactica.com\/wp-content\/uploads\/2022\/08\/IMG-20220815-WA0063-585x585.jpg 585w\" sizes=\"(max-width: 1024px) 100vw, 1024px\" \/><\/figure><\/li><li class=\"blocks-gallery-item\"><figure><img decoding=\"async\" width=\"1024\" height=\"1024\" src=\"https:\/\/portaltactica.com\/wp-content\/uploads\/2022\/08\/IMG-20220815-WA0066-1024x1024.jpg\" alt=\"\" data-id=\"59786\" class=\"wp-image-59786\" srcset=\"https:\/\/portaltactica.com\/wp-content\/uploads\/2022\/08\/IMG-20220815-WA0066-1024x1024.jpg 1024w, https:\/\/portaltactica.com\/wp-content\/uploads\/2022\/08\/IMG-20220815-WA0066-300x300.jpg 300w, https:\/\/portaltactica.com\/wp-content\/uploads\/2022\/08\/IMG-20220815-WA0066-585x585.jpg 585w\" sizes=\"(max-width: 1024px) 100vw, 1024px\" \/><\/figure><\/li><li class=\"blocks-gallery-item\"><figure><img decoding=\"async\" width=\"1024\" height=\"1024\" src=\"https:\/\/portaltactica.com\/wp-content\/uploads\/2022\/08\/IMG-20220815-WA0065-1024x1024.jpg\" alt=\"\" data-id=\"59784\" class=\"wp-image-59784\" srcset=\"https:\/\/portaltactica.com\/wp-content\/uploads\/2022\/08\/IMG-20220815-WA0065-1024x1024.jpg 1024w, https:\/\/portaltactica.com\/wp-content\/uploads\/2022\/08\/IMG-20220815-WA0065-300x300.jpg 300w, https:\/\/portaltactica.com\/wp-content\/uploads\/2022\/08\/IMG-20220815-WA0065-585x585.jpg 585w\" sizes=\"(max-width: 1024px) 100vw, 1024px\" \/><\/figure><\/li><\/ul><\/figure>\n<div class='share-to-whatsapp-wrapper'><div class='share-on-whsp'>Share on: <\/div><a data-text='Paratletlas se preparan mentalmente para la etapa estatal de los Paranacionales Conade 2022' data-link='https:\/\/portaltactica.com\/?p=59788' class='whatsapp-button whatsapp-share'>WhatsApp<\/a><div class='clear '><\/div><\/div>","protected":false},"excerpt":{"rendered":"<p>Mazatl\u00e1n._ De la mano del Instituto Municipal del Deporte Mazatl\u00e1n, la delegaci\u00f3n de paratletas mazatlecos se prepara mentalmente con miras a&hellip;<\/p>\n","protected":false},"author":1,"featured_media":59787,"comment_status":"","ping_status":"","sticky":false,"template":"","format":"standard","meta":{"advanced_seo_description":"","jetpack_seo_html_title":"","jetpack_seo_noindex":false,"_jetpack_memberships_contains_paid_content":false,"footnotes":"","jetpack_publicize_message":"","jetpack_publicize_feature_enabled":true,"jetpack_social_post_already_shared":true,"jetpack_social_options":{"image_generator_settings":{"template":"highway","default_image_id":0,"font":"","enabled":false},"version":2}},"categories":[1899],"tags":[37],"class_list":["post-59788","post","type-post","status-publish","format-standard","has-post-thumbnail","hentry","category-destacado-mazatlan","tag-imdem"],"jetpack_publicize_connections":[],"jetpack_featured_media_url":"https:\/\/portaltactica.com\/wp-content\/uploads\/2022\/08\/IMG-20220815-WA0062.jpg","jetpack_sharing_enabled":true,"_links":{"self":[{"href":"https:\/\/portaltactica.com\/index.php?rest_route=\/wp\/v2\/posts\/59788","targetHints":{"allow":["GET"]}}],"collection":[{"href":"https:\/\/portaltactica.com\/index.php?rest_route=\/wp\/v2\/posts"}],"about":[{"href":"https:\/\/portaltactica.com\/index.php?rest_route=\/wp\/v2\/types\/post"}],"author":[{"embeddable":true,"href":"https:\/\/portaltactica.com\/index.php?rest_route=\/wp\/v2\/users\/1"}],"replies":[{"embeddable":true,"href":"https:\/\/portaltactica.com\/index.php?rest_route=%2Fwp%2Fv2%2Fcomments&post=59788"}],"version-history":[{"count":0,"href":"https:\/\/portaltactica.com\/index.php?rest_route=\/wp\/v2\/posts\/59788\/revisions"}],"wp:featuredmedia":[{"embeddable":true,"href":"https:\/\/portaltactica.com\/index.php?rest_route=\/wp\/v2\/media\/59787"}],"wp:attachment":[{"href":"https:\/\/portaltactica.com\/index.php?rest_route=%2Fwp%2Fv2%2Fmedia&parent=59788"}],"wp:term":[{"taxonomy":"category","embeddable":true,"href":"https:\/\/portaltactica.com\/index.php?rest_route=%2Fwp%2Fv2%2Fcategories&post=59788"},{"taxonomy":"post_tag","embeddable":true,"href":"https:\/\/portaltactica.com\/index.php?rest_route=%2Fwp%2Fv2%2Ftags&post=59788"}],"curies":[{"name":"wp","href":"https:\/\/api.w.org\/{rel}","templated":true}]}}