{"id":59763,"date":"2022-08-15T09:59:03","date_gmt":"2022-08-15T15:59:03","guid":{"rendered":"https:\/\/portaltactica.com\/?p=59763"},"modified":"2022-08-15T09:59:07","modified_gmt":"2022-08-15T15:59:07","slug":"directiva-del-psg-intentara-enmendar-los-problemas-entre-neymar-y-mbappe","status":"publish","type":"post","link":"https:\/\/portaltactica.com\/?p=59763","title":{"rendered":"Directiva del PSG intentar\u00e1 enmendar los problemas entre Neymar y Mbapp\u00e9"},"content":{"rendered":"\n<p class=\"has-text-align-center has-medium-font-size\"><strong>La directiva y cuerpo t\u00e9cnico busca arreglar las diferencias entres sus jugadores, la cual se evidenci\u00f3 a\u00fan m\u00e1s el pasado fin de semana. <\/strong><\/p>\n\n\n\n<p>Una nueva &#8216;novela&#8217; se ha puesto en marcha en el Paris Saint-Germain, donde sus grandes protagonistas son Kylian Mbapp\u00e9 y Neymar, debido a que el pasado fin de semana sus egos los confrontaron en la cancha e incluso fue m\u00e1s all\u00e1: a las redes sociales. <\/p>\n\n\n\n<p>Resulta que en durante la goleada que el PSG le propin\u00f3 al Montpellier (5-2), Mbapp\u00e9 fall\u00f3 un penalti, situaci\u00f3n que provoc\u00f3 que Neymar tomara la responsabilidad ante una nueva chance desde el manch\u00f3n, aunque eso s\u00ed, no sin antes discutir con el franc\u00e9s para definir qui\u00e9n ejecutar\u00eda la infracci\u00f3n. <\/p>\n\n\n\n<p>La discusi\u00f3n fue evidenciada al momento por la televisi\u00f3n, pero ello pareci\u00f3 no ser suficiente para el brasile\u00f1o, quien horas m\u00e1s tarde &#8216;atac\u00f3&#8217; en las redes sociales con unos punzantes &#8216;likes&#8217; a publicaciones que criticaban a Mbapp\u00e9. <\/p>\n\n\n\n<p class=\"has-medium-font-size\"><strong>La reacci\u00f3n de la directiva del PSG <\/strong><\/p>\n\n\n\n<p>De acuerdo al diario franc\u00e9s L&#8217;\u00c9quipe, el entrenador del PSG, Christophe Galtier, as\u00ed como Luis Campos, el director deportivo del club, han acordado realizar una reuni\u00f3n en calidad de urgente junto a Neymar y Mbapp\u00e9, para de una vez por todas tratar de frenar y subsanar este rompimiento entre el franc\u00e9s y el brasile\u00f1o, todo con el fin de preservar el buen ambiente en la instituci\u00f3n. <\/p>\n\n\n\n<p>Sin embargo, habr\u00e1 que esperar en qu\u00e9 resulta la reuni\u00f3n entre los jugadores cuerpo t\u00e9cnico y directiva, para conocer si ambos futbolistas est\u00e1n dispuestos a zanjar sus diferencias. <\/p>\n<div class='share-to-whatsapp-wrapper'><div class='share-on-whsp'>Share on: <\/div><a data-text='Directiva del PSG intentar\u00e1 enmendar los problemas entre Neymar y Mbapp\u00e9' data-link='https:\/\/portaltactica.com\/?p=59763' class='whatsapp-button whatsapp-share'>WhatsApp<\/a><div class='clear '><\/div><\/div>","protected":false},"excerpt":{"rendered":"<p>La directiva y cuerpo t\u00e9cnico busca arreglar las diferencias entres sus jugadores, la cual se evidenci\u00f3 a\u00fan m\u00e1s el pasado fin&hellip;<\/p>\n","protected":false},"author":2,"featured_media":59764,"comment_status":"closed","ping_status":"closed","sticky":false,"template":"","format":"standard","meta":{"advanced_seo_description":"","jetpack_seo_html_title":"","jetpack_seo_noindex":false,"_jetpack_memberships_contains_paid_content":false,"footnotes":"","jetpack_publicize_message":"","jetpack_publicize_feature_enabled":true,"jetpack_social_post_already_shared":true,"jetpack_social_options":{"image_generator_settings":{"template":"highway","default_image_id":0,"font":"","enabled":false},"version":2}},"categories":[1896],"tags":[2023,622,334],"class_list":["post-59763","post","type-post","status-publish","format-standard","has-post-thumbnail","hentry","category-destacado-portada","tag-kylian-mbappe","tag-neymar","tag-psg"],"jetpack_publicize_connections":[],"jetpack_featured_media_url":"https:\/\/portaltactica.com\/wp-content\/uploads\/2022\/08\/2-12.jpg","jetpack_sharing_enabled":true,"_links":{"self":[{"href":"https:\/\/portaltactica.com\/index.php?rest_route=\/wp\/v2\/posts\/59763","targetHints":{"allow":["GET"]}}],"collection":[{"href":"https:\/\/portaltactica.com\/index.php?rest_route=\/wp\/v2\/posts"}],"about":[{"href":"https:\/\/portaltactica.com\/index.php?rest_route=\/wp\/v2\/types\/post"}],"author":[{"embeddable":true,"href":"https:\/\/portaltactica.com\/index.php?rest_route=\/wp\/v2\/users\/2"}],"replies":[{"embeddable":true,"href":"https:\/\/portaltactica.com\/index.php?rest_route=%2Fwp%2Fv2%2Fcomments&post=59763"}],"version-history":[{"count":1,"href":"https:\/\/portaltactica.com\/index.php?rest_route=\/wp\/v2\/posts\/59763\/revisions"}],"predecessor-version":[{"id":59765,"href":"https:\/\/portaltactica.com\/index.php?rest_route=\/wp\/v2\/posts\/59763\/revisions\/59765"}],"wp:featuredmedia":[{"embeddable":true,"href":"https:\/\/portaltactica.com\/index.php?rest_route=\/wp\/v2\/media\/59764"}],"wp:attachment":[{"href":"https:\/\/portaltactica.com\/index.php?rest_route=%2Fwp%2Fv2%2Fmedia&parent=59763"}],"wp:term":[{"taxonomy":"category","embeddable":true,"href":"https:\/\/portaltactica.com\/index.php?rest_route=%2Fwp%2Fv2%2Fcategories&post=59763"},{"taxonomy":"post_tag","embeddable":true,"href":"https:\/\/portaltactica.com\/index.php?rest_route=%2Fwp%2Fv2%2Ftags&post=59763"}],"curies":[{"name":"wp","href":"https:\/\/api.w.org\/{rel}","templated":true}]}}