{"id":59643,"date":"2022-08-12T12:18:40","date_gmt":"2022-08-12T18:18:40","guid":{"rendered":"https:\/\/portaltactica.com\/?p=59643"},"modified":"2022-08-12T12:18:42","modified_gmt":"2022-08-12T18:18:42","slug":"carlos-vela-no-esta-100-decidido-de-representar-a-su-pais","status":"publish","type":"post","link":"https:\/\/portaltactica.com\/?p=59643","title":{"rendered":"Carlos Vela no est\u00e1 100% decidido de representar a su pa\u00eds"},"content":{"rendered":"\n<p>Carlos Vela fue cuestionado nuevamente sobre la posibilidad de volver a la Selecci\u00f3n Mexicana, el ex jugador de la Real Sociedad se mantiene en su clara postura de no jugar otra vez con el combinado nacional.<\/p>\n\n\n\n<p>En entrevista exclusiva para la prestigiosa cadena Telemundo, el jugador de 33 a\u00f1os de edad apunt\u00f3 que \u00e9l prefiere no estorbar a sus compa\u00f1eros ya que \u00e9l no est\u00e1 100% decidido de estar representando a su pa\u00eds.<\/p>\n\n\n\n<p>&#8220;Uno en su carrera y en la vida toma decisiones y todo va acorde con la felicidad, d\u00f3nde quieres estar y d\u00f3nde no. En tu carrera has tenido oportunidad de decidir cosas que igual no se ven tan bien, pero que a ti como persona te hacen mejor. Puedo decidir y creo que cuando no est\u00e1s bien y no quieres estar 100 por ciento en un lado es mejor no estorbar&#8221;, declar\u00f3.<\/p>\n\n\n\n<p>Con estas palabras de Vela, sumado a que Gerardo Martino no est\u00e1 consider\u00e1ndolo, se podr\u00eda descartar que Vela estar\u00e1 presente en la Copa del Mundo de Qatar 2022.<\/p>\n\n\n\n<p>Otro elemento que parece que no volver\u00e1 es Javier &#8216;Chicharito&#8217; Hern\u00e1ndez, que hoy caus\u00f3 controversia por su reciente tuit donde respondi\u00f3 a la pregunta abierta de la FIFA sobre su presencia en la Copa del Mundo que viene.<\/p>\n<div class='share-to-whatsapp-wrapper'><div class='share-on-whsp'>Share on: <\/div><a data-text='Carlos Vela no est\u00e1 100% decidido de representar a su pa\u00eds' data-link='https:\/\/portaltactica.com\/?p=59643' class='whatsapp-button whatsapp-share'>WhatsApp<\/a><div class='clear '><\/div><\/div>","protected":false},"excerpt":{"rendered":"<p>Carlos Vela fue cuestionado nuevamente sobre la posibilidad de volver a la Selecci\u00f3n Mexicana, el ex jugador de la Real Sociedad&hellip;<\/p>\n","protected":false},"author":1,"featured_media":59644,"comment_status":"closed","ping_status":"closed","sticky":false,"template":"","format":"standard","meta":{"advanced_seo_description":"","jetpack_seo_html_title":"","jetpack_seo_noindex":false,"_jetpack_memberships_contains_paid_content":false,"footnotes":"","jetpack_publicize_message":"","jetpack_publicize_feature_enabled":true,"jetpack_social_post_already_shared":true,"jetpack_social_options":{"image_generator_settings":{"template":"highway","default_image_id":0,"font":"","enabled":false},"version":2}},"categories":[1897,1896],"tags":[],"class_list":["post-59643","post","type-post","status-publish","format-standard","has-post-thumbnail","hentry","category-destacado-nacional","category-destacado-portada"],"jetpack_publicize_connections":[],"jetpack_featured_media_url":"https:\/\/portaltactica.com\/wp-content\/uploads\/2022\/08\/carlos-vela-juego.jpg","jetpack_sharing_enabled":true,"_links":{"self":[{"href":"https:\/\/portaltactica.com\/index.php?rest_route=\/wp\/v2\/posts\/59643","targetHints":{"allow":["GET"]}}],"collection":[{"href":"https:\/\/portaltactica.com\/index.php?rest_route=\/wp\/v2\/posts"}],"about":[{"href":"https:\/\/portaltactica.com\/index.php?rest_route=\/wp\/v2\/types\/post"}],"author":[{"embeddable":true,"href":"https:\/\/portaltactica.com\/index.php?rest_route=\/wp\/v2\/users\/1"}],"replies":[{"embeddable":true,"href":"https:\/\/portaltactica.com\/index.php?rest_route=%2Fwp%2Fv2%2Fcomments&post=59643"}],"version-history":[{"count":1,"href":"https:\/\/portaltactica.com\/index.php?rest_route=\/wp\/v2\/posts\/59643\/revisions"}],"predecessor-version":[{"id":59645,"href":"https:\/\/portaltactica.com\/index.php?rest_route=\/wp\/v2\/posts\/59643\/revisions\/59645"}],"wp:featuredmedia":[{"embeddable":true,"href":"https:\/\/portaltactica.com\/index.php?rest_route=\/wp\/v2\/media\/59644"}],"wp:attachment":[{"href":"https:\/\/portaltactica.com\/index.php?rest_route=%2Fwp%2Fv2%2Fmedia&parent=59643"}],"wp:term":[{"taxonomy":"category","embeddable":true,"href":"https:\/\/portaltactica.com\/index.php?rest_route=%2Fwp%2Fv2%2Fcategories&post=59643"},{"taxonomy":"post_tag","embeddable":true,"href":"https:\/\/portaltactica.com\/index.php?rest_route=%2Fwp%2Fv2%2Ftags&post=59643"}],"curies":[{"name":"wp","href":"https:\/\/api.w.org\/{rel}","templated":true}]}}