{"id":59556,"date":"2022-08-09T21:59:31","date_gmt":"2022-08-10T03:59:31","guid":{"rendered":"https:\/\/portaltactica.com\/?p=59556"},"modified":"2022-08-09T21:59:35","modified_gmt":"2022-08-10T03:59:35","slug":"continua-el-rector-las-gestiones-con-el-subsecretario-de-educacion-superior-para-resolver-la-situacion-ante-el-sat","status":"publish","type":"post","link":"https:\/\/portaltactica.com\/?p=59556","title":{"rendered":"Contin\u00faa el Rector las gestiones con el Subsecretario de Educaci\u00f3n Superior para resolver la situaci\u00f3n ante el SAT"},"content":{"rendered":"\n<p>El Rector de la Universidad Aut\u00f3noma de Sinaloa (UAS), doctor Jes\u00fas Madue\u00f1a Molina, acudi\u00f3 ante el Subsecretario de Educaci\u00f3n Superior de la SEP, doctor Luciano Concheiro B\u00f3rquez, para abordar diversos temas institucionales, principalmente gestionar el relacionado con el SAT en aras de cumplir con los requerimientos de este \u00f3rgano tributario, lo cual va por buen camino.<\/p>\n\n\n\n<p>En esta reuni\u00f3n el funcionario federal se mostr\u00f3 solidario y emp\u00e1tico en este tema con la Universidad, sobre todo porque se trata de una situaci\u00f3n que no es exclusiva de esta casa de estudios, lo cual posibilita resolver la problem\u00e1tica ante el SAT.&nbsp;<\/p>\n\n\n\n<p>La Casa Rosalina en cumplimiento de las nuevas disposiciones fiscales y como se dio a conocer en la \u00faltima Sesi\u00f3n del H. Consejo Universitario, ya est\u00e1 armonizando lo necesario y est\u00e1 llevando a cabo el denominado \u201ctimbrado de n\u00f3mina\u201d.<\/p>\n\n\n\n<p>Como resultado de esta gesti\u00f3n se estableci\u00f3 un acuerdo para buscar apoyar a los trabajadores administrativos sindicalizados que perciben menos salario para que no se vean afectados con el descuento del ISR, el cual ya se aplic\u00f3 en la primera semana del presente mes.<\/p>\n\n\n\n<p>Concheiro B\u00f3rquez ponder\u00f3 el quehacer de la UAS y su compromiso social que siempre ha mostrado y m\u00e1s recientemente porque inici\u00f3 los trabajos para incorporarse en el Plan de Acci\u00f3n para la Transformaci\u00f3n Educativa en Salud a trav\u00e9s de la formaci\u00f3n de recursos humanos con mayor perfil social y de atenci\u00f3n comunitaria, estrategia del Gobierno Federal y que ha sido impulsada entre las universidades que cuentan con Escuelas y Facultades de Medicina por el propio Subsecretario y que busca construir un sistema de salud que garantice a toda la poblaci\u00f3n atenci\u00f3n m\u00e9dica oportuna, equitativa, incluyente y de calidad en sus propias comunidades.<\/p>\n<div class='share-to-whatsapp-wrapper'><div class='share-on-whsp'>Share on: <\/div><a data-text='Contin\u00faa el Rector las gestiones con el Subsecretario de Educaci\u00f3n Superior para resolver la situaci\u00f3n ante el SAT' data-link='https:\/\/portaltactica.com\/?p=59556' class='whatsapp-button whatsapp-share'>WhatsApp<\/a><div class='clear '><\/div><\/div>","protected":false},"excerpt":{"rendered":"<p>El Rector de la Universidad Aut\u00f3noma de Sinaloa (UAS), doctor Jes\u00fas Madue\u00f1a Molina, acudi\u00f3 ante el Subsecretario de Educaci\u00f3n Superior de&hellip;<\/p>\n","protected":false},"author":1,"featured_media":59557,"comment_status":"closed","ping_status":"closed","sticky":false,"template":"","format":"standard","meta":{"advanced_seo_description":"","jetpack_seo_html_title":"","jetpack_seo_noindex":false,"_jetpack_memberships_contains_paid_content":false,"footnotes":"","jetpack_publicize_message":"","jetpack_publicize_feature_enabled":true,"jetpack_social_post_already_shared":true,"jetpack_social_options":{"image_generator_settings":{"template":"highway","default_image_id":0,"font":"","enabled":false},"version":2}},"categories":[949],"tags":[558],"class_list":["post-59556","post","type-post","status-publish","format-standard","has-post-thumbnail","hentry","category-destacado-mi-sinaloa","tag-uas"],"jetpack_publicize_connections":[],"jetpack_featured_media_url":"https:\/\/portaltactica.com\/wp-content\/uploads\/2022\/08\/grande_259786001660075225.jpg","jetpack_sharing_enabled":true,"_links":{"self":[{"href":"https:\/\/portaltactica.com\/index.php?rest_route=\/wp\/v2\/posts\/59556","targetHints":{"allow":["GET"]}}],"collection":[{"href":"https:\/\/portaltactica.com\/index.php?rest_route=\/wp\/v2\/posts"}],"about":[{"href":"https:\/\/portaltactica.com\/index.php?rest_route=\/wp\/v2\/types\/post"}],"author":[{"embeddable":true,"href":"https:\/\/portaltactica.com\/index.php?rest_route=\/wp\/v2\/users\/1"}],"replies":[{"embeddable":true,"href":"https:\/\/portaltactica.com\/index.php?rest_route=%2Fwp%2Fv2%2Fcomments&post=59556"}],"version-history":[{"count":1,"href":"https:\/\/portaltactica.com\/index.php?rest_route=\/wp\/v2\/posts\/59556\/revisions"}],"predecessor-version":[{"id":59558,"href":"https:\/\/portaltactica.com\/index.php?rest_route=\/wp\/v2\/posts\/59556\/revisions\/59558"}],"wp:featuredmedia":[{"embeddable":true,"href":"https:\/\/portaltactica.com\/index.php?rest_route=\/wp\/v2\/media\/59557"}],"wp:attachment":[{"href":"https:\/\/portaltactica.com\/index.php?rest_route=%2Fwp%2Fv2%2Fmedia&parent=59556"}],"wp:term":[{"taxonomy":"category","embeddable":true,"href":"https:\/\/portaltactica.com\/index.php?rest_route=%2Fwp%2Fv2%2Fcategories&post=59556"},{"taxonomy":"post_tag","embeddable":true,"href":"https:\/\/portaltactica.com\/index.php?rest_route=%2Fwp%2Fv2%2Ftags&post=59556"}],"curies":[{"name":"wp","href":"https:\/\/api.w.org\/{rel}","templated":true}]}}