{"id":59118,"date":"2022-07-28T08:31:39","date_gmt":"2022-07-28T14:31:39","guid":{"rendered":"https:\/\/portaltactica.com\/?p=59118"},"modified":"2022-07-28T08:31:41","modified_gmt":"2022-07-28T14:31:41","slug":"anuncia-sebastian-vettel-su-retiro-de-la-formula-1","status":"publish","type":"post","link":"https:\/\/portaltactica.com\/?p=59118","title":{"rendered":"Anuncia Sebastian Vettel su retiro de la F\u00f3rmula 1"},"content":{"rendered":"\n<p>El piloto alem\u00e1n Sebastian Vettel, cuatro veces campe\u00f3n del mundo, abandona la m\u00e1xima competici\u00f3n despu\u00e9s de militar durante las dos \u00faltimas temporadas en Aston Martin<\/p>\n\n\n\n<p>&#8220;La decisi\u00f3n de retirarme fue dif\u00edcil para m\u00ed, y pas\u00e9 mucho tiempo pensando en ello. Me doy cuenta de que, como padre, quiero pasar m\u00e1s tiempo con mi familia&#8221;, dijo en su mensaje de despedida<\/p>\n\n\n\n<p>Seg\u00fan una informaci\u00f3n adelantada por BILD y confirmada en las redes sociales, Sebastian Vettel ha anunciado el final de su carrera en la F\u00f3rmula 1 al final de la temporada, antes de la carrera en Budapest. El piloto public\u00f3 un mensaje de video en el que anunciaba su retirada de la F\u00f3rmula 1 a sus seguidores.<\/p>\n\n\n\n<p>El piloto alem\u00e1n, cuatro veces campe\u00f3n del mundo, abandona la m\u00e1xima competici\u00f3n despu\u00e9s de militar durante las dos \u00faltimas temporadas en Aston Martin.<\/p>\n\n\n\n<p>\u00abHe tenido el privilegio de trabajar con muchas personas fant\u00e1sticas en la F\u00f3rmula Uno durante los \u00faltimos 15 a\u00f1os, hay demasiadas para mencionar y agradecer: &#8220;Durante los \u00faltimos dos a\u00f1os he sido piloto del equipo Aston Martin y, aunque nuestros resultados no han sido tan buenos como esper\u00e1bamos, tengo muy claro que todo se est\u00e1 armando para que un equipo necesita competir al m\u00e1s alto nivel en los pr\u00f3ximos a\u00f1os&#8221;, afirm\u00f3 el piloto en un comunicado emitido por el equipo.<\/p>\n\n\n\n<p>El cuatro veces campe\u00f3n del mundo tambi\u00e9n manifest\u00f3 que: &#8220;la decisi\u00f3n de retirarme ha sido dif\u00edcil de tomar para m\u00ed, y he pasado mucho tiempo pensando en ello; al final del a\u00f1o quiero tomarme un tiempo m\u00e1s para reflexionar sobre en qu\u00e9 me enfocar\u00e9 a continuaci\u00f3n; tengo muy claro que siendo padre quiero pasar m\u00e1s tiempo con mi familia, pero hoy no se trata de despedirnos. M\u00e1s bien, se trata de decir gracias, a todos, sobre todo a los seguidores, sin cuyo apasionado apoyo la F\u00f3rmula Uno no podr\u00eda existir&#8221;.<\/p>\n\n\n\n<p>El piloto alem\u00e1n se marcha despu\u00e9s de ganar cuatro t\u00edtulos mundiales, 53 carreras y subirse al podio en 122 ocasiones.<\/p>\n\n\n\n<p>Sorprendentemente, hace una semana, hab\u00eda dicho que &#8220;estoy hablando con el equipo y hay una clara intenci\u00f3n de continuar&#8221;. Luego, al parecer, en los d\u00edas que siguieron, cambi\u00f3 de opini\u00f3n.<\/p>\n\n\n\n<p>Vettel gan\u00f3 cuatro t\u00edtulos mundiales con Red Bull en sus 16 a\u00f1os de carrera entre 2010 y 2013, m\u00e1s tarde conduciendo en Ferrari y ahora en Aston Martin. Despu\u00e9s de dos a\u00f1os con los brit\u00e1nicos, ahora se acab\u00f3.<\/p>\n<div class='share-to-whatsapp-wrapper'><div class='share-on-whsp'>Share on: <\/div><a data-text='Anuncia Sebastian Vettel su retiro de la F\u00f3rmula 1' data-link='https:\/\/portaltactica.com\/?p=59118' class='whatsapp-button whatsapp-share'>WhatsApp<\/a><div class='clear '><\/div><\/div>","protected":false},"excerpt":{"rendered":"<p>El piloto alem\u00e1n Sebastian Vettel, cuatro veces campe\u00f3n del mundo, abandona la m\u00e1xima competici\u00f3n despu\u00e9s de militar durante las dos \u00faltimas&hellip;<\/p>\n","protected":false},"author":1,"featured_media":59119,"comment_status":"closed","ping_status":"closed","sticky":false,"template":"","format":"standard","meta":{"advanced_seo_description":"","jetpack_seo_html_title":"","jetpack_seo_noindex":false,"_jetpack_memberships_contains_paid_content":false,"footnotes":"","jetpack_publicize_message":"","jetpack_publicize_feature_enabled":true,"jetpack_social_post_already_shared":true,"jetpack_social_options":{"image_generator_settings":{"template":"highway","default_image_id":0,"font":"","enabled":false},"version":2}},"categories":[1898,1896],"tags":[],"class_list":["post-59118","post","type-post","status-publish","format-standard","has-post-thumbnail","hentry","category-destacado-internacional","category-destacado-portada"],"jetpack_publicize_connections":[],"jetpack_featured_media_url":"https:\/\/portaltactica.com\/wp-content\/uploads\/2022\/07\/sebastian-vettel.jpg","jetpack_sharing_enabled":true,"_links":{"self":[{"href":"https:\/\/portaltactica.com\/index.php?rest_route=\/wp\/v2\/posts\/59118","targetHints":{"allow":["GET"]}}],"collection":[{"href":"https:\/\/portaltactica.com\/index.php?rest_route=\/wp\/v2\/posts"}],"about":[{"href":"https:\/\/portaltactica.com\/index.php?rest_route=\/wp\/v2\/types\/post"}],"author":[{"embeddable":true,"href":"https:\/\/portaltactica.com\/index.php?rest_route=\/wp\/v2\/users\/1"}],"replies":[{"embeddable":true,"href":"https:\/\/portaltactica.com\/index.php?rest_route=%2Fwp%2Fv2%2Fcomments&post=59118"}],"version-history":[{"count":1,"href":"https:\/\/portaltactica.com\/index.php?rest_route=\/wp\/v2\/posts\/59118\/revisions"}],"predecessor-version":[{"id":59120,"href":"https:\/\/portaltactica.com\/index.php?rest_route=\/wp\/v2\/posts\/59118\/revisions\/59120"}],"wp:featuredmedia":[{"embeddable":true,"href":"https:\/\/portaltactica.com\/index.php?rest_route=\/wp\/v2\/media\/59119"}],"wp:attachment":[{"href":"https:\/\/portaltactica.com\/index.php?rest_route=%2Fwp%2Fv2%2Fmedia&parent=59118"}],"wp:term":[{"taxonomy":"category","embeddable":true,"href":"https:\/\/portaltactica.com\/index.php?rest_route=%2Fwp%2Fv2%2Fcategories&post=59118"},{"taxonomy":"post_tag","embeddable":true,"href":"https:\/\/portaltactica.com\/index.php?rest_route=%2Fwp%2Fv2%2Ftags&post=59118"}],"curies":[{"name":"wp","href":"https:\/\/api.w.org\/{rel}","templated":true}]}}