{"id":59109,"date":"2022-07-25T20:11:00","date_gmt":"2022-07-26T02:11:00","guid":{"rendered":"https:\/\/portaltactica.com\/?p=59109"},"modified":"2022-07-28T08:13:24","modified_gmt":"2022-07-28T14:13:24","slug":"lo-mas-destacado-de-abril-a-julio-de-2022-la-ubu-da-seguimiento-a-la-jornada-de-salud-integral-para-alumnos-y-trabajadores","status":"publish","type":"post","link":"https:\/\/portaltactica.com\/?p=59109","title":{"rendered":"LO M\u00c1S DESTACADO DE ABRIL A JULIO DE 2022: La UBU da seguimiento a la Jornada de Salud Integral para alumnos y trabajadores"},"content":{"rendered":"\n<p>La Facultad de Arquitectura Culiac\u00e1n fue sede de la Jornada de Salud Integral \u201cCu\u00eddate, qui\u00e9rete y prot\u00e9gete\u201d que la Unidad de Bienestar Universitario (UBU) a cargo de la maestra en ciencias Sof\u00eda Angulo de Madue\u00f1a promueve desde marzo pasado, con el prop\u00f3sito de favorecer la toma de decisiones en torno a la salud sexual y reproductiva de los miles de j\u00f3venes y trabajadores de la Universidad Aut\u00f3noma de Sinaloa (UAS).<\/p>\n\n\n\n<p>El evento, estuvo presidido por la directora de Bienestar Universitario acompa\u00f1ada del doctor Jorge Uriarte, quien acudi\u00f3 en representaci\u00f3n del director de Prevenci\u00f3n y Promoci\u00f3n de la Salud de la Secretar\u00eda de Salud (SSA), el doctor Gerardo Kenny Inzunza Leyva; as\u00ed como de la doctora Maril\u00fa Guerrero Caro, secretaria acad\u00e9mica de la Facultad de Arquitectura y directores de la Facultad de Biolog\u00eda, Ciencias de la Tierra y el Espacio, Educaci\u00f3n F\u00edsica y Deporte e Ingenier\u00eda; para dar la bienvenida y reconocer el trabajo coordinado con todas las dependencias que han contribuido con la jornada desde su inicio. &nbsp;&nbsp;<\/p>\n\n\n\n<p>\u201cTienen a bien contribuir al desarrollo arm\u00f3nico de la Universidad Aut\u00f3noma de Sinaloa coadyuvando a que todos dispongan de las condiciones suficientes para el despliegue de su potencial (\u2026) por lo que considero un verdadero acierto que, a trav\u00e9s de los diferentes programas ofrecidos por la Secretar\u00eda de Salud para la prevenci\u00f3n de la salud tanto f\u00edsica como mental, se realicen acciones educativas, adem\u00e1s de abordar informaci\u00f3n precisa, estimulen las habilidades que fomenten la motivaci\u00f3n de las personas, fortaleciendo al mismo tiempo su autoestima\u201d, pronunci\u00f3 Angulo de Madue\u00f1a al hablar de las medidas destinadas a mejorar la salud de las personas que efect\u00faa la SSA.&nbsp;<\/p>\n\n\n\n<p>Para terminar, agradeci\u00f3 a nombre del rector, el doctor Jes\u00fas Madue\u00f1a Molina, la participaci\u00f3n de esta y otras instituciones \u201cque, con sus competencias, habilidades y actitudes de responsabilidad y entrega, marcan la direcci\u00f3n correcta para que las personas logren el autoconocimiento para disfrutar de una vida m\u00e1s sana\u201d.<\/p>\n\n\n\n<p>Asimismo, la doctora Maril\u00fa Guerrero Caro, mand\u00f3 un mensaje en representaci\u00f3n de la directora de la Facultad sede, doctora Armida Lamas Estrada, y a nombre del cuerpo directivo presente, en el que destac\u00f3 la responsabilidad conjunta de buscar la salud y la formaci\u00f3n integral de los j\u00f3venes universitarios.<\/p>\n\n\n\n<p>\u201cEl procurar espacios seguros, inclusivos y correctamente integrados al entorno natural, en este sentido, que puedan contribuir a la salud y al bienestar de cada uno\u201d, sostuvo.<\/p>\n\n\n\n<p>Al finalizar la inauguraci\u00f3n, se dio paso a la conferencia \u201cLa importancia de la doble protecci\u00f3n\u201d dictada por la doctora Maribel Sotelo para todos los presentes; mientras que la directora de Bienestar Universitario, daba un recorrido por los stands dispuestos en la explanada del plantel junto a los directores de las facultades antes mencionadas.&nbsp;<\/p>\n<div class='share-to-whatsapp-wrapper'><div class='share-on-whsp'>Share on: <\/div><a data-text='LO M\u00c1S DESTACADO DE ABRIL A JULIO DE 2022: La UBU da seguimiento a la Jornada de Salud Integral para alumnos y trabajadores' data-link='https:\/\/portaltactica.com\/?p=59109' class='whatsapp-button whatsapp-share'>WhatsApp<\/a><div class='clear '><\/div><\/div>","protected":false},"excerpt":{"rendered":"<p>La Facultad de Arquitectura Culiac\u00e1n fue sede de la Jornada de Salud Integral \u201cCu\u00eddate, qui\u00e9rete y prot\u00e9gete\u201d que la Unidad de&hellip;<\/p>\n","protected":false},"author":1,"featured_media":59110,"comment_status":"closed","ping_status":"closed","sticky":false,"template":"","format":"standard","meta":{"advanced_seo_description":"","jetpack_seo_html_title":"","jetpack_seo_noindex":false,"_jetpack_memberships_contains_paid_content":false,"footnotes":"","jetpack_publicize_message":"","jetpack_publicize_feature_enabled":true,"jetpack_social_post_already_shared":true,"jetpack_social_options":{"image_generator_settings":{"template":"highway","default_image_id":0,"font":"","enabled":false},"version":2}},"categories":[947],"tags":[558],"class_list":["post-59109","post","type-post","status-publish","format-standard","has-post-thumbnail","hentry","category-universidad","tag-uas"],"jetpack_publicize_connections":[],"jetpack_featured_media_url":"https:\/\/portaltactica.com\/wp-content\/uploads\/2022\/07\/grande_292929001658170102.jpg","jetpack_sharing_enabled":true,"_links":{"self":[{"href":"https:\/\/portaltactica.com\/index.php?rest_route=\/wp\/v2\/posts\/59109","targetHints":{"allow":["GET"]}}],"collection":[{"href":"https:\/\/portaltactica.com\/index.php?rest_route=\/wp\/v2\/posts"}],"about":[{"href":"https:\/\/portaltactica.com\/index.php?rest_route=\/wp\/v2\/types\/post"}],"author":[{"embeddable":true,"href":"https:\/\/portaltactica.com\/index.php?rest_route=\/wp\/v2\/users\/1"}],"replies":[{"embeddable":true,"href":"https:\/\/portaltactica.com\/index.php?rest_route=%2Fwp%2Fv2%2Fcomments&post=59109"}],"version-history":[{"count":1,"href":"https:\/\/portaltactica.com\/index.php?rest_route=\/wp\/v2\/posts\/59109\/revisions"}],"predecessor-version":[{"id":59111,"href":"https:\/\/portaltactica.com\/index.php?rest_route=\/wp\/v2\/posts\/59109\/revisions\/59111"}],"wp:featuredmedia":[{"embeddable":true,"href":"https:\/\/portaltactica.com\/index.php?rest_route=\/wp\/v2\/media\/59110"}],"wp:attachment":[{"href":"https:\/\/portaltactica.com\/index.php?rest_route=%2Fwp%2Fv2%2Fmedia&parent=59109"}],"wp:term":[{"taxonomy":"category","embeddable":true,"href":"https:\/\/portaltactica.com\/index.php?rest_route=%2Fwp%2Fv2%2Fcategories&post=59109"},{"taxonomy":"post_tag","embeddable":true,"href":"https:\/\/portaltactica.com\/index.php?rest_route=%2Fwp%2Fv2%2Ftags&post=59109"}],"curies":[{"name":"wp","href":"https:\/\/api.w.org\/{rel}","templated":true}]}}