{"id":59106,"date":"2022-07-25T20:09:00","date_gmt":"2022-07-26T02:09:00","guid":{"rendered":"https:\/\/portaltactica.com\/?p=59106"},"modified":"2022-07-28T08:11:34","modified_gmt":"2022-07-28T14:11:34","slug":"llama-investigador-a-evitar-la-exposicion-al-sol-en-horarios-con-alta-radiacion-ultravioleta","status":"publish","type":"post","link":"https:\/\/portaltactica.com\/?p=59106","title":{"rendered":"Llama investigador a evitar la exposici\u00f3n al sol en horarios con alta radiaci\u00f3n ultravioleta"},"content":{"rendered":"\n<p>Haciendo una evaluaci\u00f3n correspondiente al primer semestre del a\u00f1o de los rayos ultravioletas que son medidos en la Estaci\u00f3n Climatol\u00f3gica de la Facultad de Biolog\u00eda de la Universidad Aut\u00f3noma de Sinaloa (UAS), Gilberto M\u00e1rquez Salazar comparti\u00f3 que, conforme se acerca el verano, las mejores horas para exponerse al \u201castro rey\u201d van disminuyendo, por lo que pidi\u00f3 informarse y tomar en cuenta el nivel de los rayos UV para salir al sol. El investigador universitario, responsable de realizar estas evaluaciones, consider\u00f3 que las primeras dos horas de la ma\u00f1ana, despu\u00e9s de que amanece, es ben\u00e9fico para la salud exponerse al sol para fijar la vitamina D en el cuerpo, la cual se desencadena debido al contacto de los rayos UV con la piel y por estar asociadas al folato, el cual es una vitamina importante en la formaci\u00f3n de los gl\u00f3bulos rojos. \u201cUn aspecto importante que se analiz\u00f3, es a partir de qu\u00e9 horas y hasta qu\u00e9 horas por la ma\u00f1ana o por la tarde se puede andar libremente a la intemperie sin necesidad de protecci\u00f3n, por ejemplo: enero 2 horas, de 8 a 10 de la ma\u00f1ana y por la tarde despu\u00e9s de las 2; febrero despu\u00e9s de las 7 y media hasta las 10 y despu\u00e9s de las 3 de la tarde; en marzo de 7 a 9 y media y despu\u00e9s de las 3; en abril de las 7 a las 8 y media y despu\u00e9s de las 4; en mayo de las 6 a las 8 y media y despu\u00e9s de las 4 de la tarde, y junio de las 6 y media de la ma\u00f1ana a 8 y media y despu\u00e9s de las 4\u201d, analiz\u00f3. Destac\u00f3 que la escala o \u00edndice, seg\u00fan sus valores que la componen, corresponde de 1 a m\u00e1s de 11, lo cual puede ocasionar da\u00f1os en la salud. \u201cDel 1 al 2 son bajos, es cuando las personas pueden andar en el sol sin protecci\u00f3n alguna; 3, 4 y 5 son moderados, aqu\u00ed empieza la protecci\u00f3n con cremas solares, la manga larga, sombreros; 6 y 7 son altos de igual forma las medidas anteriores; siguen los muy altos 8, 9 y 10 son muy altos, de preferencia no se recomienda andar en el sol porque los efectos son graves a la salud; 11 y m\u00e1s son extremos, si no se tiene la necesidad de andar en el sol hay que evitar el contacto\u201d, puntualiz\u00f3. De seis meses analizados (de enero a junio) los resultados arrojaron que enero tuvo 196 horas con rayos bajos y 95 moderados, febrero 155 bajos y 141 moderados, durante ese periodo no se presentaron radiaciones altas, ni extremas. En lo que corresponde al mes de marzo, M\u00e1rquez Salazar a\u00f1adi\u00f3 que fue muy similar a los anteriores, pero en abril se presentaron cuatro de los 5 tipos de radiaci\u00f3n de la escala, con 173 horas de rayos bajos, 72 de moderados, 74 altos, y 1 hora de muy alto, replic\u00e1ndose los cuatro tipos de radiaciones en mayo y junio. En resumen, indic\u00f3 que se tuvo una exposici\u00f3n de rayos bajos de 167 horas, de moderados 112, de altos 71 horas y de extremos 9, lo que corresponde a que los meses relacionados al verano corresponde a un patr\u00f3n donde dice que este tipo de radiaciones m\u00e1s intensas se presentan con mayor regularidad en estos meses.<\/p>\n<div class='share-to-whatsapp-wrapper'><div class='share-on-whsp'>Share on: <\/div><a data-text='Llama investigador a evitar la exposici\u00f3n al sol en horarios con alta radiaci\u00f3n ultravioleta' data-link='https:\/\/portaltactica.com\/?p=59106' class='whatsapp-button whatsapp-share'>WhatsApp<\/a><div class='clear '><\/div><\/div>","protected":false},"excerpt":{"rendered":"<p>Haciendo una evaluaci\u00f3n correspondiente al primer semestre del a\u00f1o de los rayos ultravioletas que son medidos en la Estaci\u00f3n Climatol\u00f3gica de&hellip;<\/p>\n","protected":false},"author":1,"featured_media":59107,"comment_status":"closed","ping_status":"closed","sticky":false,"template":"","format":"standard","meta":{"advanced_seo_description":"","jetpack_seo_html_title":"","jetpack_seo_noindex":false,"_jetpack_memberships_contains_paid_content":false,"footnotes":"","jetpack_publicize_message":"","jetpack_publicize_feature_enabled":true,"jetpack_social_post_already_shared":true,"jetpack_social_options":{"image_generator_settings":{"template":"highway","default_image_id":0,"font":"","enabled":false},"version":2}},"categories":[947],"tags":[558],"class_list":["post-59106","post","type-post","status-publish","format-standard","has-post-thumbnail","hentry","category-universidad","tag-uas"],"jetpack_publicize_connections":[],"jetpack_featured_media_url":"https:\/\/portaltactica.com\/wp-content\/uploads\/2022\/07\/grande_178057001658169732.jpg","jetpack_sharing_enabled":true,"_links":{"self":[{"href":"https:\/\/portaltactica.com\/index.php?rest_route=\/wp\/v2\/posts\/59106","targetHints":{"allow":["GET"]}}],"collection":[{"href":"https:\/\/portaltactica.com\/index.php?rest_route=\/wp\/v2\/posts"}],"about":[{"href":"https:\/\/portaltactica.com\/index.php?rest_route=\/wp\/v2\/types\/post"}],"author":[{"embeddable":true,"href":"https:\/\/portaltactica.com\/index.php?rest_route=\/wp\/v2\/users\/1"}],"replies":[{"embeddable":true,"href":"https:\/\/portaltactica.com\/index.php?rest_route=%2Fwp%2Fv2%2Fcomments&post=59106"}],"version-history":[{"count":1,"href":"https:\/\/portaltactica.com\/index.php?rest_route=\/wp\/v2\/posts\/59106\/revisions"}],"predecessor-version":[{"id":59108,"href":"https:\/\/portaltactica.com\/index.php?rest_route=\/wp\/v2\/posts\/59106\/revisions\/59108"}],"wp:featuredmedia":[{"embeddable":true,"href":"https:\/\/portaltactica.com\/index.php?rest_route=\/wp\/v2\/media\/59107"}],"wp:attachment":[{"href":"https:\/\/portaltactica.com\/index.php?rest_route=%2Fwp%2Fv2%2Fmedia&parent=59106"}],"wp:term":[{"taxonomy":"category","embeddable":true,"href":"https:\/\/portaltactica.com\/index.php?rest_route=%2Fwp%2Fv2%2Fcategories&post=59106"},{"taxonomy":"post_tag","embeddable":true,"href":"https:\/\/portaltactica.com\/index.php?rest_route=%2Fwp%2Fv2%2Ftags&post=59106"}],"curies":[{"name":"wp","href":"https:\/\/api.w.org\/{rel}","templated":true}]}}