{"id":59088,"date":"2022-07-27T15:37:52","date_gmt":"2022-07-27T21:37:52","guid":{"rendered":"https:\/\/portaltactica.com\/?p=59088"},"modified":"2022-07-27T15:37:52","modified_gmt":"2022-07-27T21:37:52","slug":"todo-listo-para-el-festival-de-voleibol-salvador-gonzalez","status":"publish","type":"post","link":"https:\/\/portaltactica.com\/?p=59088","title":{"rendered":"Todo listo para el Festival de Voleibol Salvador Gonz\u00e1lez"},"content":{"rendered":"\n<p>Del 4 al 7 de agosto, equipos de todo el estado e invitados, estar\u00e1n conviviendo en Mazatl\u00e1n en torno al entrenador mazatleco que logr\u00f3 colocar equipos mexicanos en los Juegos Ol\u00edmpicos de Sydney 2000, Atenas 2004, Beijing 2008, R\u00edo 2016 y Tokyo 2020+1.<\/p>\n\n\n\n<p>Mazatl\u00e1n._ Nada mejor para conectar en familia que disfrutar de lo que el deporte puede aportar, como la trayectoria de Salvador Gonz\u00e1lez, quien en esta ocasi\u00f3n ser\u00e1 homenajeado con el Primer Festival de Voleibol de Sala que llevar\u00e1 su nombre.<br><br>Del 4 al 7 de agosto, los mejores equipos de todo el estado e invitados, estar\u00e1n conviviendo en el bello puerto de Mazatl\u00e1n en torno al entrenador mazatleco que logr\u00f3 colocar equipos mexicanos en los Juegos Ol\u00edmpicos de Sydney 2000, Atenas 2004, Beijing 2008, R\u00edo 2016 y Tokyo 2020+1.   <br><br>reconocer los logros de uno de sus principales exponentes, en esta ocasi\u00f3n  <br><br>Con el af\u00e1n de reconocer al entrenador mazatleco Salvador Gonz\u00e1lez Arreola, una de las figuras deportivas dentro del voleibol de sala m\u00e1s importantes a nivel nacional e internacional, se estar\u00e1 celebrando esta competencia.<br><br>\u201cEl cuatro (de agosto) estar\u00e1n arribando todos los equipos, tendremos la junta previa por la tarde, para arrancar ya el viernes temprano con los juegos que tendremos en varias sedes como la Unidad Deportiva Benito Ju\u00e1rez, Instituto Cultural de Occidente, as\u00ed como el Instituto Cervantes\u201d, dijo Fabiola Verde Rosas, directora del Imdem.<br><br>Los juegos se llevar\u00e1n a cabo en las categor\u00edas M\u00e1ster, M\u00e1ster Libre, Golden y Platino, en la rama femenil, as\u00ed como Libre Varonil, indic\u00f3 Rodolfo Anguiano, en la rueda de prensa para dar a conocer el evento, realizada en el Restaurante La Puntilla.   <br><br>El cierre de inscripciones es este jueves 28 de julio para los equipos interesados en formar parte de la primera edici\u00f3n del festival de voleibol de sala y se pueden hacer directamente en las oficinas del Instituto Municipal del Deporte de Mazatl\u00e1n.<br><br><br>\u2018Apoyo todo lo que se trate de voleibol\u2019<br><br>Salvador Gonz\u00e1lez, quien estuvo acompa\u00f1ado por Oswaldo P\u00e9rez, encargado del cuerpo de arbitraje del torneo, agradeci\u00f3 las muestras de cari\u00f1o hacia su persona y al torneo que lleva su nombre. <br><br>\u201cNos une la pasi\u00f3n por este deporte. Apoyo todo lo que se trate de voleibol, les agradezco mucho el honor que me est\u00e1n haciendo al ponerle mi nombre al festival y agradezco al Instituto que me siga apoyando siempre en todos los proyectos\u201d, dijo Gonz\u00e1lez Arreola, quien jug\u00f3 voleibol de 1977 a 1995, periodo en el que fue capit\u00e1n de la selecci\u00f3n nacional y conquist\u00f3 un sinn\u00famero de competencias a nivel nacional e internacional.<\/p>\n\n\n\n<figure class=\"wp-block-image size-large\"><img fetchpriority=\"high\" decoding=\"async\" width=\"1024\" height=\"852\" src=\"https:\/\/portaltactica.com\/wp-content\/uploads\/2022\/07\/IMG-20220727-WA0028-1-1024x852.jpg\" alt=\"\" class=\"wp-image-59086\"\/><\/figure>\n<div class='share-to-whatsapp-wrapper'><div class='share-on-whsp'>Share on: <\/div><a data-text='Todo listo para el Festival de Voleibol Salvador Gonz\u00e1lez' data-link='https:\/\/portaltactica.com\/?p=59088' class='whatsapp-button whatsapp-share'>WhatsApp<\/a><div class='clear '><\/div><\/div>","protected":false},"excerpt":{"rendered":"<p>Del 4 al 7 de agosto, equipos de todo el estado e invitados, estar\u00e1n conviviendo en Mazatl\u00e1n en torno al entrenador&hellip;<\/p>\n","protected":false},"author":1,"featured_media":59087,"comment_status":"","ping_status":"","sticky":false,"template":"","format":"standard","meta":{"advanced_seo_description":"","jetpack_seo_html_title":"","jetpack_seo_noindex":false,"_jetpack_memberships_contains_paid_content":false,"footnotes":"","jetpack_publicize_message":"","jetpack_publicize_feature_enabled":true,"jetpack_social_post_already_shared":true,"jetpack_social_options":{"image_generator_settings":{"template":"highway","default_image_id":0,"font":"","enabled":false},"version":2}},"categories":[1899],"tags":[37],"class_list":["post-59088","post","type-post","status-publish","format-standard","has-post-thumbnail","hentry","category-destacado-mazatlan","tag-imdem"],"jetpack_publicize_connections":[],"jetpack_featured_media_url":"https:\/\/portaltactica.com\/wp-content\/uploads\/2022\/07\/IMG-20220727-WA0027.jpg","jetpack_sharing_enabled":true,"_links":{"self":[{"href":"https:\/\/portaltactica.com\/index.php?rest_route=\/wp\/v2\/posts\/59088","targetHints":{"allow":["GET"]}}],"collection":[{"href":"https:\/\/portaltactica.com\/index.php?rest_route=\/wp\/v2\/posts"}],"about":[{"href":"https:\/\/portaltactica.com\/index.php?rest_route=\/wp\/v2\/types\/post"}],"author":[{"embeddable":true,"href":"https:\/\/portaltactica.com\/index.php?rest_route=\/wp\/v2\/users\/1"}],"replies":[{"embeddable":true,"href":"https:\/\/portaltactica.com\/index.php?rest_route=%2Fwp%2Fv2%2Fcomments&post=59088"}],"version-history":[{"count":0,"href":"https:\/\/portaltactica.com\/index.php?rest_route=\/wp\/v2\/posts\/59088\/revisions"}],"wp:featuredmedia":[{"embeddable":true,"href":"https:\/\/portaltactica.com\/index.php?rest_route=\/wp\/v2\/media\/59087"}],"wp:attachment":[{"href":"https:\/\/portaltactica.com\/index.php?rest_route=%2Fwp%2Fv2%2Fmedia&parent=59088"}],"wp:term":[{"taxonomy":"category","embeddable":true,"href":"https:\/\/portaltactica.com\/index.php?rest_route=%2Fwp%2Fv2%2Fcategories&post=59088"},{"taxonomy":"post_tag","embeddable":true,"href":"https:\/\/portaltactica.com\/index.php?rest_route=%2Fwp%2Fv2%2Ftags&post=59088"}],"curies":[{"name":"wp","href":"https:\/\/api.w.org\/{rel}","templated":true}]}}