{"id":58273,"date":"2022-07-06T20:14:00","date_gmt":"2022-07-07T02:14:00","guid":{"rendered":"https:\/\/portaltactica.com\/?p=58273"},"modified":"2022-07-07T08:16:52","modified_gmt":"2022-07-07T14:16:52","slug":"imparte-la-ubu-la-segunda-sesion-del-taller-de-inclusion-social-un-puente-al-desarrollo-humano","status":"publish","type":"post","link":"https:\/\/portaltactica.com\/?p=58273","title":{"rendered":"Imparte la UBU la segunda sesi\u00f3n del Taller de Inclusi\u00f3n Social \u201cUn puente al desarrollo humano\u201d"},"content":{"rendered":"\n<p>Con el objetivo de formar los cimientos de una sociedad m\u00e1s justa y equitativa, la Universidad Aut\u00f3noma de Sinaloa (UAS) a trav\u00e9s de la Unidad de Bienestar Universitario (UBU), en colaboraci\u00f3n con el Programa de Atenci\u00f3n a la Diversidad (ADIUAS) de Secretar\u00eda Acad\u00e9mica Universitaria (SAU) y el DIF Sinaloa, pusieron a disposici\u00f3n la segunda sesi\u00f3n del Taller de Inclusi\u00f3n Social \u201cUn puente al desarrollo humano\u201d dirigido a directivos, docentes y responsables de los Departamentos de Tutor\u00edas del nivel superior de la Unidad Regional Centro.<\/p>\n\n\n\n<p>La bienvenida estuvo a cargo de la maestra en ciencias Sof\u00eda Angulo de Madue\u00f1a, directora de Bienestar Universitario, quien apunt\u00f3 que \u201chablar de inclusi\u00f3n social, es hablar de valores, de derechos humanos y de reconocer que todas las personas, independientemente de su condici\u00f3n sean estas de g\u00e9nero, raza, econom\u00eda, cognitivas, motricidad o cualquier tipo de discapacidad, deben vivir en un estado de respeto, igualdad, tolerancia y empat\u00eda; respetando en todo momento su dignidad, pues todos tenemos derecho de convivir en una sociedad incluyente\u201d.<\/p>\n\n\n\n<p>\u201cY es precisamente el prop\u00f3sito de este taller, concientizar sobre las creencias y percepciones que se tienen acerca de la discapacidad para as\u00ed cambiar nuestra forma de pensar y actuar y, de esta manera, innovar en acciones sociales, culturales, educativas y arquitect\u00f3nicas, atendiendo la inclusi\u00f3n social, cuyo objetivo es mejorar las condiciones de vida de las personas. Por lo que estoy segura que este taller ser\u00e1 de mucho aprendizaje e importancia para todos los que estamos aqu\u00ed\u201d, dijo a los presentes.<\/p>\n\n\n\n<p>En ese sentido, indic\u00f3 que la UAS asume ese desaf\u00edo al promover este tipo de jornadas, alineadas con los objetivos del Eje III del Plan de Desarrollo Institucional Con Visi\u00f3n de Futuro 2025 que encabeza el rector, doctor Jes\u00fas Madue\u00f1a Molina.<\/p>\n\n\n\n<p>\u201cSe contribuir\u00e1 a eliminar cada d\u00eda m\u00e1s las barreras que limitan la participaci\u00f3n social, a trav\u00e9s del impulso al desarrollo y bienestar de nuestros estudiantes con discapacidades, principalmente. Y para concluir lo har\u00e9 con la siguiente frase: una educaci\u00f3n inclusiva, requiere una sociedad inclusiva, y \u00e9sta la construiremos entre todos\u201d, concluy\u00f3.<\/p>\n\n\n\n<p>Para continuar, la responsable de ADIUAS, doctora Elba Sayoko Kitaoka Liz\u00e1rraga, record\u00f3 que desde 2005, la universidad trabaja para eliminar las barreras que viven a diario las poblaciones de personas con capacidades diferentes.<\/p>\n\n\n\n<p>\u201cY esto es una prueba de ello porque la discriminaci\u00f3n solo se puede acabar con la educaci\u00f3n y eso es lo que est\u00e1 haciendo nuestra universidad\u201d, destac\u00f3.<\/p>\n\n\n\n<p>Por \u00faltimo, el licenciado Jos\u00e9 Carlos S\u00e1nchez Olivas, encargado del \u00c1rea de Discapacidad Motriz en el Centro de Rehabilitaci\u00f3n y Educaci\u00f3n Especial del DIF Sinaloa, agradeci\u00f3 a las autoridades universitarias por la oportunidad de vincularse con la comunidad Rosalina a trav\u00e9s del Programa de Inclusi\u00f3n para una Vida Digna.<\/p>\n\n\n\n<p>Para terminar, S\u00e1nchez Olivas abri\u00f3 la sesi\u00f3n hablando del objetivo del programa de \u201cInclusi\u00f3n para una Vida Digna\u201d, as\u00ed como de los servicios y atenciones que ah\u00ed se brindan; y realiz\u00f3 una actividad vivencial en la que los asistentes experimentaron las barreras de movilidad que viven a diario las poblaciones de personas con capacidades diferentes.<\/p>\n<div class='share-to-whatsapp-wrapper'><div class='share-on-whsp'>Share on: <\/div><a data-text='Imparte la UBU la segunda sesi\u00f3n del Taller de Inclusi\u00f3n Social \u201cUn puente al desarrollo humano\u201d' data-link='https:\/\/portaltactica.com\/?p=58273' class='whatsapp-button whatsapp-share'>WhatsApp<\/a><div class='clear '><\/div><\/div>","protected":false},"excerpt":{"rendered":"<p>Con el objetivo de formar los cimientos de una sociedad m\u00e1s justa y equitativa, la Universidad Aut\u00f3noma de Sinaloa (UAS) a&hellip;<\/p>\n","protected":false},"author":1,"featured_media":58274,"comment_status":"closed","ping_status":"closed","sticky":false,"template":"","format":"standard","meta":{"advanced_seo_description":"","jetpack_seo_html_title":"","jetpack_seo_noindex":false,"_jetpack_memberships_contains_paid_content":false,"footnotes":"","jetpack_publicize_message":"","jetpack_publicize_feature_enabled":true,"jetpack_social_post_already_shared":true,"jetpack_social_options":{"image_generator_settings":{"template":"highway","default_image_id":0,"font":"","enabled":false},"version":2}},"categories":[947],"tags":[558],"class_list":["post-58273","post","type-post","status-publish","format-standard","has-post-thumbnail","hentry","category-universidad","tag-uas"],"jetpack_publicize_connections":[],"jetpack_featured_media_url":"https:\/\/portaltactica.com\/wp-content\/uploads\/2022\/07\/grande_031357001657143314.jpg","jetpack_sharing_enabled":true,"_links":{"self":[{"href":"https:\/\/portaltactica.com\/index.php?rest_route=\/wp\/v2\/posts\/58273","targetHints":{"allow":["GET"]}}],"collection":[{"href":"https:\/\/portaltactica.com\/index.php?rest_route=\/wp\/v2\/posts"}],"about":[{"href":"https:\/\/portaltactica.com\/index.php?rest_route=\/wp\/v2\/types\/post"}],"author":[{"embeddable":true,"href":"https:\/\/portaltactica.com\/index.php?rest_route=\/wp\/v2\/users\/1"}],"replies":[{"embeddable":true,"href":"https:\/\/portaltactica.com\/index.php?rest_route=%2Fwp%2Fv2%2Fcomments&post=58273"}],"version-history":[{"count":1,"href":"https:\/\/portaltactica.com\/index.php?rest_route=\/wp\/v2\/posts\/58273\/revisions"}],"predecessor-version":[{"id":58275,"href":"https:\/\/portaltactica.com\/index.php?rest_route=\/wp\/v2\/posts\/58273\/revisions\/58275"}],"wp:featuredmedia":[{"embeddable":true,"href":"https:\/\/portaltactica.com\/index.php?rest_route=\/wp\/v2\/media\/58274"}],"wp:attachment":[{"href":"https:\/\/portaltactica.com\/index.php?rest_route=%2Fwp%2Fv2%2Fmedia&parent=58273"}],"wp:term":[{"taxonomy":"category","embeddable":true,"href":"https:\/\/portaltactica.com\/index.php?rest_route=%2Fwp%2Fv2%2Fcategories&post=58273"},{"taxonomy":"post_tag","embeddable":true,"href":"https:\/\/portaltactica.com\/index.php?rest_route=%2Fwp%2Fv2%2Ftags&post=58273"}],"curies":[{"name":"wp","href":"https:\/\/api.w.org\/{rel}","templated":true}]}}