{"id":58156,"date":"2022-07-01T23:20:00","date_gmt":"2022-07-02T05:20:00","guid":{"rendered":"https:\/\/portaltactica.com\/?p=58156"},"modified":"2022-07-05T11:21:39","modified_gmt":"2022-07-05T17:21:39","slug":"se-prepara-la-face-para-jornada-de-capacitacion-y-actualizacion-docente","status":"publish","type":"post","link":"https:\/\/portaltactica.com\/?p=58156","title":{"rendered":"Se prepara la FACE para Jornada de Capacitaci\u00f3n y Actualizaci\u00f3n Docente"},"content":{"rendered":"\n<p>A partir de la necesidad de continuar actualizando a los docentes universitarios en su formaci\u00f3n pedag\u00f3gica, de ense\u00f1anza y aprendizaje, la Facultad de Ciencias de la Educaci\u00f3n (FACE) de la Universidad Aut\u00f3noma de Sinaloa (UAS) se encuentra en preparaci\u00f3n para participar dentro de la Jornada de Capacitaci\u00f3n y Actualizaci\u00f3n Docente Ciclo 2022-2023 dirigido a profesores de esta M\u00e1xima Casa de Estudios de todo el estado, la cual se llevar\u00e1 a cabo de manera virtual el pr\u00f3ximo agosto.<br>Roci\u00f3 Paola Ru\u00edz Qui\u00f1onez, encargada del Departamento de Planeaci\u00f3n Educativa, expres\u00f3 que anteriormente el Centro de Investigaci\u00f3n y Servicios Educativos (CISE) se encargaba de dar el servicio de capacitaci\u00f3n a profesores de la Universidad, pero cuando se hace Facultad, los programas de Educaci\u00f3n Continua quedaron m\u00e1s internos entre los egresados.<br>Por lo que mencion\u00f3 que con instrucciones de la directora Mar\u00eda Guadalupe Leyva Cruz se dio posibilidad de una participaci\u00f3n m\u00e1s activa dentro de la Universidad, brindando estos programas a los maestros.<br>\u201cAhora tenemos la oportunidad, ya algunos de nuestros profesores estuvieron incorpor\u00e1ndose y apoyando a la Secretar\u00eda Acad\u00e9mica Universitaria (SAU) como parte de alguno de los asesores de estos cursos de capacitaci\u00f3n, pues ahora se nos invita e incorporan como parte del programa a m\u00e1s compa\u00f1eros\u201d, destac\u00f3.<br>Por su parte, Irving Daniel Mart\u00ednez Ayala indic\u00f3 que las expectativas de brindar una educaci\u00f3n continua a los profesores es mantenerlos actualizados en temas de car\u00e1cter pedag\u00f3gico, bajo el enfoque de formar profesores, ofertado en la FACE.<br>\u201cActualizar y brindar un andamiaje a profesores que actualmente est\u00e1n en servicio como docentes universitarios y que conozcan directamente estos temas que tienen un car\u00e1cter pedag\u00f3gico y eso finalmente les ayude a mejorar en sus pr\u00e1cticas frente al grupo\u201d, expuso.<br>Asimismo, Daniel Emmanuel de Loza Dones, secretario acad\u00e9mico de la FACE, dijo que durante el 2018-2020 servidores de la Facultad colaboraron con la SAU, impartiendo cursos de actualizaci\u00f3n docente, en el cual se capacito a m\u00e1s de dos mil profesores.<br>\u201cA partir de la misma naturaleza de lo que es la Facultad y con el af\u00e1n de fortalecer los indicadores y las metas estrat\u00e9gicas del Rector, doctor Jes\u00fas Madue\u00f1a Molina, y tambi\u00e9n atendiendo la necesidad de nuestra alma mater, es que se proponen estos tres cursos\u201d, explic\u00f3.<br>Destac\u00f3 que los talleres complementan el Plan de Desarrollo Institucional Con Visi\u00f3n de Futuro 2025, y los temas que se desarrollan han sido solicitados por los mismos maestros universitarios.<\/p>\n<div class='share-to-whatsapp-wrapper'><div class='share-on-whsp'>Share on: <\/div><a data-text='Se prepara la FACE para Jornada de Capacitaci\u00f3n y Actualizaci\u00f3n Docente' data-link='https:\/\/portaltactica.com\/?p=58156' class='whatsapp-button whatsapp-share'>WhatsApp<\/a><div class='clear '><\/div><\/div>","protected":false},"excerpt":{"rendered":"<p>A partir de la necesidad de continuar actualizando a los docentes universitarios en su formaci\u00f3n pedag\u00f3gica, de ense\u00f1anza y aprendizaje, la&hellip;<\/p>\n","protected":false},"author":1,"featured_media":58157,"comment_status":"closed","ping_status":"closed","sticky":false,"template":"","format":"standard","meta":{"advanced_seo_description":"","jetpack_seo_html_title":"","jetpack_seo_noindex":false,"_jetpack_memberships_contains_paid_content":false,"footnotes":"","jetpack_publicize_message":"","jetpack_publicize_feature_enabled":true,"jetpack_social_post_already_shared":true,"jetpack_social_options":{"image_generator_settings":{"template":"highway","default_image_id":0,"font":"","enabled":false},"version":2}},"categories":[947],"tags":[558],"class_list":["post-58156","post","type-post","status-publish","format-standard","has-post-thumbnail","hentry","category-universidad","tag-uas"],"jetpack_publicize_connections":[],"jetpack_featured_media_url":"https:\/\/portaltactica.com\/wp-content\/uploads\/2022\/07\/grande_779308001656710833.jpg","jetpack_sharing_enabled":true,"_links":{"self":[{"href":"https:\/\/portaltactica.com\/index.php?rest_route=\/wp\/v2\/posts\/58156","targetHints":{"allow":["GET"]}}],"collection":[{"href":"https:\/\/portaltactica.com\/index.php?rest_route=\/wp\/v2\/posts"}],"about":[{"href":"https:\/\/portaltactica.com\/index.php?rest_route=\/wp\/v2\/types\/post"}],"author":[{"embeddable":true,"href":"https:\/\/portaltactica.com\/index.php?rest_route=\/wp\/v2\/users\/1"}],"replies":[{"embeddable":true,"href":"https:\/\/portaltactica.com\/index.php?rest_route=%2Fwp%2Fv2%2Fcomments&post=58156"}],"version-history":[{"count":1,"href":"https:\/\/portaltactica.com\/index.php?rest_route=\/wp\/v2\/posts\/58156\/revisions"}],"predecessor-version":[{"id":58158,"href":"https:\/\/portaltactica.com\/index.php?rest_route=\/wp\/v2\/posts\/58156\/revisions\/58158"}],"wp:featuredmedia":[{"embeddable":true,"href":"https:\/\/portaltactica.com\/index.php?rest_route=\/wp\/v2\/media\/58157"}],"wp:attachment":[{"href":"https:\/\/portaltactica.com\/index.php?rest_route=%2Fwp%2Fv2%2Fmedia&parent=58156"}],"wp:term":[{"taxonomy":"category","embeddable":true,"href":"https:\/\/portaltactica.com\/index.php?rest_route=%2Fwp%2Fv2%2Fcategories&post=58156"},{"taxonomy":"post_tag","embeddable":true,"href":"https:\/\/portaltactica.com\/index.php?rest_route=%2Fwp%2Fv2%2Ftags&post=58156"}],"curies":[{"name":"wp","href":"https:\/\/api.w.org\/{rel}","templated":true}]}}