{"id":57439,"date":"2022-06-17T16:00:07","date_gmt":"2022-06-17T22:00:07","guid":{"rendered":"https:\/\/portaltactica.com\/?p=57439"},"modified":"2022-06-17T16:00:07","modified_gmt":"2022-06-17T22:00:07","slug":"llevan-a-cabo-en-la-faceam-segunda-reunion-del-consejo-regional-directivo-zona-1-noroeste","status":"publish","type":"post","link":"https:\/\/portaltactica.com\/?p=57439","title":{"rendered":"Llevan a cabo en la FACEAM Segunda Reuni\u00f3n del Consejo Regional Directivo Zona 1 Noroeste"},"content":{"rendered":"\n<p>Con un gran esp\u00edritu de colaboraci\u00f3n, se congregaron representantes de las diversas instituciones que conforman la Asociaci\u00f3n Nacional de Facultades, Escuelas de Contadur\u00eda y Administraci\u00f3n (ANFECA) en la Segunda Reuni\u00f3n del Consejo Regional Directivo Zona 1 Noroeste, siendo anfitriona la Facultad de Ciencias Econ\u00f3mico Administrativas de Mazatl\u00e1n (FACEAM) de la Universidad Aut\u00f3noma de Sinaloa.<br><br>Diversos rubros que son parte medular de los programas de estudios que conforman estas \u00e1reas del conocimiento, se expusieron durante esta reuni\u00f3n donde el director regional de esta zona y director de la Facultad de Contadur\u00eda y A ministraci\u00f3n Culiac\u00e1n, M.C. V\u00edctor Mizquiz Reyes inform\u00f3 lo siguiente.<br><br>\u201cEs muy importante y relevante (esta reuni\u00f3n) para la Universidad Aut\u00f3noma de Sinaloa porque el liderazgo que se ejerce a trav\u00e9s de nuestro rector Dr. Jes\u00fas Madue\u00f1a Molina nos ha indicado mucho en sus ejes transversales, el plan de desarrollo institucional con visi\u00f3n de futuro 2025 lo que es el posgrado, internacionalizaci\u00f3n, cultura, con enfoque humanista. Eso es lo que hacemos entre todos y viene a abonar a este plan porque participamos en todos estos ejes\u201d.<br><br>Por su parte la anfitriona del plantel, la directora  Dra. Rosa del Carmen Bernal Liz\u00e1rraga expres\u00f3 que esta actividad corresponde a una serie de t\u00f3picos afines donde se resaltan las certificaciones acad\u00e9micas, equidad de g\u00e9nero, planes y programas de estudios, vinculaci\u00f3n, entre otros, en aras de estar en la misma sinton\u00eda.<br><br>\u201cLa Facultad se encuentra en muy buenas condiciones de infraestructura y equipamiento, acabamos de acreditar dos programas educativos en el mes de noviembre, Recursos Humanos y Mercadotecnia, y del 12 al 15 de julio tenemos la visita del organismo acreditador que viene con las licenciaturas de Contadur\u00eda P\u00fablica y Administraci\u00f3n de Empresas\u201d. <br><br>Carlos Lobo S\u00e1nchez, director ejecutivo de ANFECA a nivel nacional, agreg\u00f3 que el objetivo fundamental de esta actividad es ver los avances que estan que ver con posgrados, vinculaci\u00f3n, emprendimiento social, entre otros, y donde se presentan resultados definitivos rumbo a la asamblea que se llevar\u00e1 a cabo en el mes de octubre en San Luis Potos\u00ed.<br><br>\u201cUno de los principales beneficios que se tienen al realizar estas reuniones es que potencializa la actividad acad\u00e9mica al interior de cada una de las instituciones. La UAS es una instituci\u00f3n que ha estado a la vanguardia  y mantiene el liderazgo acad\u00e9mico en la zona y tiene una representaci\u00f3n en el marco del consejo directivo\u201d.<br><br>Para dar inaugurado estos trabajos estuvo en representaci\u00f3n del Dr. Miguel \u00c1ngel D\u00edaz Quinteros, Vicerrector de la URS, la M.C. Bertha Elena F\u00e9lix Colado, Secretaria Acad\u00e9mica de esta regi\u00f3n.<br><br>ANFECA cuenta  con 61 a\u00f1os de existencia dividida en siete zonas, donde la  zona noroeste agrupa instituciones de Sinaloa, Sonora, Baja California Norte, Baja California Sur  y Chihuahua. Se se\u00f1ala que est\u00e1 liderada por la Universidad Aut\u00f3noma de Sinaloa, particularmente por la Facultad de Contadur\u00eda y Administraci\u00f3n Culiac\u00e1n.<\/p>\n\n\n\n<figure class=\"wp-block-image size-large\"><img fetchpriority=\"high\" decoding=\"async\" width=\"1024\" height=\"672\" src=\"https:\/\/portaltactica.com\/wp-content\/uploads\/2022\/06\/IMG-20220617-WA0050-1-1024x672.jpg\" alt=\"\" class=\"wp-image-57437\"\/><\/figure>\n<div class='share-to-whatsapp-wrapper'><div class='share-on-whsp'>Share on: <\/div><a data-text='Llevan a cabo en la FACEAM Segunda Reuni\u00f3n del Consejo Regional Directivo Zona 1 Noroeste' data-link='https:\/\/portaltactica.com\/?p=57439' class='whatsapp-button whatsapp-share'>WhatsApp<\/a><div class='clear '><\/div><\/div>","protected":false},"excerpt":{"rendered":"<p>Con un gran esp\u00edritu de colaboraci\u00f3n, se congregaron representantes de las diversas instituciones que conforman la Asociaci\u00f3n Nacional de Facultades, Escuelas&hellip;<\/p>\n","protected":false},"author":1,"featured_media":57438,"comment_status":"","ping_status":"","sticky":false,"template":"","format":"standard","meta":{"advanced_seo_description":"","jetpack_seo_html_title":"","jetpack_seo_noindex":false,"_jetpack_memberships_contains_paid_content":false,"footnotes":"","jetpack_publicize_message":"","jetpack_publicize_feature_enabled":true,"jetpack_social_post_already_shared":true,"jetpack_social_options":{"image_generator_settings":{"template":"highway","default_image_id":0,"font":"","enabled":false},"version":2}},"categories":[947],"tags":[558],"class_list":["post-57439","post","type-post","status-publish","format-standard","has-post-thumbnail","hentry","category-universidad","tag-uas"],"jetpack_publicize_connections":[],"jetpack_featured_media_url":"https:\/\/portaltactica.com\/wp-content\/uploads\/2022\/06\/IMG-20220617-WA0049.jpg","jetpack_sharing_enabled":true,"_links":{"self":[{"href":"https:\/\/portaltactica.com\/index.php?rest_route=\/wp\/v2\/posts\/57439","targetHints":{"allow":["GET"]}}],"collection":[{"href":"https:\/\/portaltactica.com\/index.php?rest_route=\/wp\/v2\/posts"}],"about":[{"href":"https:\/\/portaltactica.com\/index.php?rest_route=\/wp\/v2\/types\/post"}],"author":[{"embeddable":true,"href":"https:\/\/portaltactica.com\/index.php?rest_route=\/wp\/v2\/users\/1"}],"replies":[{"embeddable":true,"href":"https:\/\/portaltactica.com\/index.php?rest_route=%2Fwp%2Fv2%2Fcomments&post=57439"}],"version-history":[{"count":0,"href":"https:\/\/portaltactica.com\/index.php?rest_route=\/wp\/v2\/posts\/57439\/revisions"}],"wp:featuredmedia":[{"embeddable":true,"href":"https:\/\/portaltactica.com\/index.php?rest_route=\/wp\/v2\/media\/57438"}],"wp:attachment":[{"href":"https:\/\/portaltactica.com\/index.php?rest_route=%2Fwp%2Fv2%2Fmedia&parent=57439"}],"wp:term":[{"taxonomy":"category","embeddable":true,"href":"https:\/\/portaltactica.com\/index.php?rest_route=%2Fwp%2Fv2%2Fcategories&post=57439"},{"taxonomy":"post_tag","embeddable":true,"href":"https:\/\/portaltactica.com\/index.php?rest_route=%2Fwp%2Fv2%2Ftags&post=57439"}],"curies":[{"name":"wp","href":"https:\/\/api.w.org\/{rel}","templated":true}]}}