{"id":57221,"date":"2022-06-13T08:32:02","date_gmt":"2022-06-13T14:32:02","guid":{"rendered":"https:\/\/portaltactica.com\/?p=57221"},"modified":"2022-06-13T08:32:05","modified_gmt":"2022-06-13T14:32:05","slug":"juan-manuel-marquez-fue-inducido-al-salon-de-la-fama-del-boxeo-el-merito-es-dedicado-a-todos-los-mexicanos","status":"publish","type":"post","link":"https:\/\/portaltactica.com\/?p=57221","title":{"rendered":"Juan Manuel M\u00e1rquez fue inducido al Sal\u00f3n de la Fama del Boxeo, el m\u00e9rito es dedicado a todos los mexicanos"},"content":{"rendered":"\n<p>El mexicano Juan Manuel M\u00e1rquez y el puertorrique\u00f1o Miguel \u00c1ngel Cotto, ambos campeones mundiales en cuatro divisiones diferentes, fueron inducidos este domingo al Sal\u00f3n de la Fama del Boxeo, en Canastota, Nueva York.<\/p>\n\n\n\n<p>La ceremonia de inducci\u00f3n de este a\u00f1o cont\u00f3 por primera vez con tres generaciones, la de 2020, en la que estuvo M\u00e1rquez, la de 2021, y la de 2022, que mand\u00f3 a la inmortalidad a Cotto.<\/p>\n\n\n\n<p>Los tres grupos de los \u00faltimos a\u00f1os entrar\u00e1n al mismo tiempo al Sal\u00f3n de la Fama m\u00e1s importante del boxeo porque las ceremonias de 2020 y 2021 fueron suspendidas por la pandemia de la covid-19.<\/p>\n\n\n\n<p>Adem\u00e1s, por primera vez en la historia del recinto que se inaugur\u00f3 en 1990 ingresaron las primeras boxeadoras, Christy Martin, Lucia Rijker, Barbara Buttrick, en 2020; Laila Ali, hija de la leyenda Muhammad Ali, Jackie Tonawanda, Marian Trimiar y Ann Wolfe, en 2021; y Regina Halmich y Holly Holm, en 2022.<\/p>\n\n\n\n<p>&#8220;Estoy emocionado de estar aqu\u00ed por dos cosas, la primera porque solo los m\u00e1s grandes del boxeo est\u00e1n aqu\u00ed y la segunda porque estar aqu\u00ed es el \u00faltimo escal\u00f3n para ser exitoso en esta carrera&#8221;, dijo M\u00e1rquez al momento de su inducci\u00f3n.<\/p>\n\n\n\n<p>Y es que adem\u00e1s de sus campeonatos y emblem\u00e1ticas peleas, afirm\u00f3 que todo se debi\u00f3 gracias al apoyo de su familia y su afici\u00f3n.<\/p>\n\n\n\n<p>\u201cEsta inducci\u00f3n al Sal\u00f3n de la Fama es de mi familia, de mi equipo y sobre todo, tambi\u00e9n, de todos los mexicanos\u201d<\/p>\n\n\n\n<p>Junto al mexicano, monarca en los pesos pluma, superpluma, ligero y superligero, estuvieron en 2020 Bernard Hopkins, Shane &#8216;Sugar&#8217; Mosley, Martin, Rijker, Buttrick, Frank Erne, Paddy Ryan; los promotores Lou DiBella, Kathy Duva y Dan Goossen, y los periodistas Bernard Fern\u00e1ndez y Thomas Hauser.<\/p>\n\n\n\n<p>Los miembros de 2021 fueron Wladimir Klitschko, Floyd Mayweather Jr., Andre Ward, Ali, Wolfe, Trimiar, Tonawanda y Davey Moore; el cutman Freddie Brown, la doctora Margaret Goodman, el coach y m\u00e1nager Jackie McCoy, el periodista George Kimball y el directivo de televisi\u00f3n Jay Larkin.<\/p>\n\n\n\n<p>&#8220;He conseguido muchas cosas en mi carrera, pero esto de lejos es lo mejor. Siempre agradezco primero al hombre de arriba, \u00e9l hace todo posible, pero tambi\u00e9n a mi padre y a la reina, mi madre&#8221;, expres\u00f3 Mayweather, considerado uno de los mejores boxeadores de la historia.<\/p>\n\n\n\n<p>Cotto, primer puertorrique\u00f1o en conseguir t\u00edtulos en cuatro divisiones diferentes, encabez\u00f3 a los premiados en 2022 en los que est\u00e1n tambi\u00e9n Roy Jones Jr., James Toney, Tod Morgan, Halmich, Holm, el publicista Bill Caplan, el anunciador Chuck Hull, el periodista Ron Borges y el productor Bob Yalen.<\/p>\n\n\n\n<p>&#8220;Mi familia ha sido la inspiraci\u00f3n de mi vida, los que me hicieron trabajar de la mejor manera por mis sue\u00f1os, por los de ustedes. Gracias a todos&#8221;, coment\u00f3 Cotto.<\/p>\n\n\n\n<figure class=\"wp-block-image size-full\"><img fetchpriority=\"high\" decoding=\"async\" width=\"992\" height=\"558\" src=\"https:\/\/portaltactica.com\/wp-content\/uploads\/2022\/06\/jmm2.jpg\" alt=\"\" class=\"wp-image-57222\" srcset=\"https:\/\/portaltactica.com\/wp-content\/uploads\/2022\/06\/jmm2.jpg 992w, https:\/\/portaltactica.com\/wp-content\/uploads\/2022\/06\/jmm2-500x280.jpg 500w, https:\/\/portaltactica.com\/wp-content\/uploads\/2022\/06\/jmm2-768x432.jpg 768w, https:\/\/portaltactica.com\/wp-content\/uploads\/2022\/06\/jmm2-585x329.jpg 585w\" sizes=\"(max-width: 992px) 100vw, 992px\" \/><\/figure>\n<div class='share-to-whatsapp-wrapper'><div class='share-on-whsp'>Share on: <\/div><a data-text='Juan Manuel M\u00e1rquez fue inducido al Sal\u00f3n de la Fama del Boxeo, el m\u00e9rito es dedicado a todos los mexicanos' data-link='https:\/\/portaltactica.com\/?p=57221' class='whatsapp-button whatsapp-share'>WhatsApp<\/a><div class='clear '><\/div><\/div>","protected":false},"excerpt":{"rendered":"<p>El mexicano Juan Manuel M\u00e1rquez y el puertorrique\u00f1o Miguel \u00c1ngel Cotto, ambos campeones mundiales en cuatro divisiones diferentes, fueron inducidos este&hellip;<\/p>\n","protected":false},"author":1,"featured_media":57223,"comment_status":"closed","ping_status":"closed","sticky":false,"template":"","format":"standard","meta":{"advanced_seo_description":"","jetpack_seo_html_title":"","jetpack_seo_noindex":false,"_jetpack_memberships_contains_paid_content":false,"footnotes":"","jetpack_publicize_message":"","jetpack_publicize_feature_enabled":true,"jetpack_social_post_already_shared":true,"jetpack_social_options":{"image_generator_settings":{"template":"highway","default_image_id":0,"font":"","enabled":false},"version":2}},"categories":[1897],"tags":[],"class_list":["post-57221","post","type-post","status-publish","format-standard","has-post-thumbnail","hentry","category-destacado-nacional"],"jetpack_publicize_connections":[],"jetpack_featured_media_url":"https:\/\/portaltactica.com\/wp-content\/uploads\/2022\/06\/marquez.jpg","jetpack_sharing_enabled":true,"_links":{"self":[{"href":"https:\/\/portaltactica.com\/index.php?rest_route=\/wp\/v2\/posts\/57221","targetHints":{"allow":["GET"]}}],"collection":[{"href":"https:\/\/portaltactica.com\/index.php?rest_route=\/wp\/v2\/posts"}],"about":[{"href":"https:\/\/portaltactica.com\/index.php?rest_route=\/wp\/v2\/types\/post"}],"author":[{"embeddable":true,"href":"https:\/\/portaltactica.com\/index.php?rest_route=\/wp\/v2\/users\/1"}],"replies":[{"embeddable":true,"href":"https:\/\/portaltactica.com\/index.php?rest_route=%2Fwp%2Fv2%2Fcomments&post=57221"}],"version-history":[{"count":1,"href":"https:\/\/portaltactica.com\/index.php?rest_route=\/wp\/v2\/posts\/57221\/revisions"}],"predecessor-version":[{"id":57224,"href":"https:\/\/portaltactica.com\/index.php?rest_route=\/wp\/v2\/posts\/57221\/revisions\/57224"}],"wp:featuredmedia":[{"embeddable":true,"href":"https:\/\/portaltactica.com\/index.php?rest_route=\/wp\/v2\/media\/57223"}],"wp:attachment":[{"href":"https:\/\/portaltactica.com\/index.php?rest_route=%2Fwp%2Fv2%2Fmedia&parent=57221"}],"wp:term":[{"taxonomy":"category","embeddable":true,"href":"https:\/\/portaltactica.com\/index.php?rest_route=%2Fwp%2Fv2%2Fcategories&post=57221"},{"taxonomy":"post_tag","embeddable":true,"href":"https:\/\/portaltactica.com\/index.php?rest_route=%2Fwp%2Fv2%2Ftags&post=57221"}],"curies":[{"name":"wp","href":"https:\/\/api.w.org\/{rel}","templated":true}]}}