{"id":57184,"date":"2022-06-09T19:19:00","date_gmt":"2022-06-10T01:19:00","guid":{"rendered":"https:\/\/portaltactica.com\/?p=57184"},"modified":"2022-06-13T07:22:20","modified_gmt":"2022-06-13T13:22:20","slug":"la-uas-tiene-mucho-que-agradecer-a-la-senora-rosy-camacho-de-aguilar-rector","status":"publish","type":"post","link":"https:\/\/portaltactica.com\/?p=57184","title":{"rendered":"La UAS tiene mucho que agradecer a la se\u00f1ora Rosy Camacho de Aguilar: Rector"},"content":{"rendered":"\n<p>Se hace justicia a una luchadora contra el c\u00e1ncer y la Universidad Aut\u00f3noma de Sinaloa (UAS) tiene mucho que agradecer a la se\u00f1ora Rosy Camacho de Aguilar, quien siempre apoy\u00f3 a la instituci\u00f3n en sus primeras jornadas contra el c\u00e1ncer de mama, opin\u00f3 el Rector de la Casa Rosalina, doctor Jes\u00fas Madue\u00f1a Molina.<\/p>\n\n\n\n<p>A invitaci\u00f3n del Gobernador del Estado, doctor Rub\u00e9n Rocha Moya, el dirigente universitario asisti\u00f3 al Homenaje P\u00f3stumo a Rosal\u00eda Camacho de Aguilar en las instalaciones del Sistema DIF Sinaloa y a la develaci\u00f3n de placa en el Instituto Sinaloense de Cancerolog\u00eda que en reconocimiento a su persona y a sus acciones a partir de hoy lleva su nombre.<\/p>\n\n\n\n<p>\u201cConoc\u00ed a Rosy cuando fue presidenta del DIF en la \u00e9poca del Gobernador Jes\u00fas Aguilar Padilla, nos toc\u00f3 colaborar con ella como director de la Facultad de Medicina en varias tareas y me siento contento de que a personas como ella se les reconozca\u201d, expres\u00f3 Madue\u00f1a Molina.<\/p>\n\n\n\n<p>Acompa\u00f1ado del Secretario General, doctor Gerardo Alapizco Castro, el Rector estuvo presente en el evento donde se dio una emotiva semblanza de Rosy Camacho de Aguilar como persona y presidenta del DIF estatal, su lucha personal contra el c\u00e1ncer de mama y su labor incansable para apoyar a las mujeres sinaloenses que padec\u00edan esa enfermedad y tambi\u00e9n a los ni\u00f1os con c\u00e1ncer, donde a nombre de la familia habl\u00f3 su hija Iris.<\/p>\n\n\n\n<p>\u201cElla fue una incansable luchadora social, luchadora contra el c\u00e1ncer, colabor\u00f3 mucho con la Universidad cuando nos prest\u00f3 durante muchos a\u00f1os, antes de que la Universidad tuviese, aquel carro equipado para las jornadas contra el c\u00e1ncer, ella siempre estuvo con nosotros, nos acompa\u00f1\u00f3 en algunos eventos y qu\u00e9 m\u00e1s puedo decir de ella, puro agradecimiento (\u2026) la Universidad le tiene que agradecer mucho a ella porque la Fundaci\u00f3n que encabez\u00f3, que fue Renacer, estuvo siempre con nosotros apoy\u00e1ndonos\u201d, expres\u00f3.<\/p>\n\n\n\n<p>En el Homenaje al cual se dieron cita familiares y amigos cercanos a la se\u00f1ora Rosy, el Gobernador, Rub\u00e9n Rocha Moya manifest\u00f3 que ella personifica el car\u00e1cter y la resiliencia para enfrentar los retos m\u00e1s complicados de la vida, de los cuales pudo salir por su fortaleza, sus valores familiares y su fe en la medicina avanzada y ponder\u00f3 su altruismo social y su esp\u00edritu filantr\u00f3pico que se catapult\u00f3 cuando lleg\u00f3 al DIF Sinaloa.<\/p>\n\n\n\n<p>\u201cSu lucha por vivir fue la constante, su grandeza es una herencia para las mujeres de Sinaloa, su pasi\u00f3n fue la causa y su entrega un ejemplo (\u2026) con profunda satisfacci\u00f3n quiero expresar: gracias se\u00f1ora Rosy, por su gran obra y su gran legado; adem\u00e1s felicitar a todas aquellas personas que con toda justicia impulsaron la idea de perpetuar la memoria de nuestra homenajeada al conceder su nombre al Instituto Sinaloense de Cancerolog\u00eda (\u2026) honor a quien honor merece\u201d, plante\u00f3 el mandatario estatal.<\/p>\n<div class='share-to-whatsapp-wrapper'><div class='share-on-whsp'>Share on: <\/div><a data-text='La UAS tiene mucho que agradecer a la se\u00f1ora Rosy Camacho de Aguilar: Rector' data-link='https:\/\/portaltactica.com\/?p=57184' class='whatsapp-button whatsapp-share'>WhatsApp<\/a><div class='clear '><\/div><\/div>","protected":false},"excerpt":{"rendered":"<p>Se hace justicia a una luchadora contra el c\u00e1ncer y la Universidad Aut\u00f3noma de Sinaloa (UAS) tiene mucho que agradecer a&hellip;<\/p>\n","protected":false},"author":1,"featured_media":57185,"comment_status":"closed","ping_status":"closed","sticky":false,"template":"","format":"standard","meta":{"advanced_seo_description":"","jetpack_seo_html_title":"","jetpack_seo_noindex":false,"_jetpack_memberships_contains_paid_content":false,"footnotes":"","jetpack_publicize_message":"","jetpack_publicize_feature_enabled":true,"jetpack_social_post_already_shared":true,"jetpack_social_options":{"image_generator_settings":{"template":"highway","default_image_id":0,"font":"","enabled":false},"version":2}},"categories":[949],"tags":[558],"class_list":["post-57184","post","type-post","status-publish","format-standard","has-post-thumbnail","hentry","category-destacado-mi-sinaloa","tag-uas"],"jetpack_publicize_connections":[],"jetpack_featured_media_url":"https:\/\/portaltactica.com\/wp-content\/uploads\/2022\/06\/grande_411118001654811121.jpg","jetpack_sharing_enabled":true,"_links":{"self":[{"href":"https:\/\/portaltactica.com\/index.php?rest_route=\/wp\/v2\/posts\/57184","targetHints":{"allow":["GET"]}}],"collection":[{"href":"https:\/\/portaltactica.com\/index.php?rest_route=\/wp\/v2\/posts"}],"about":[{"href":"https:\/\/portaltactica.com\/index.php?rest_route=\/wp\/v2\/types\/post"}],"author":[{"embeddable":true,"href":"https:\/\/portaltactica.com\/index.php?rest_route=\/wp\/v2\/users\/1"}],"replies":[{"embeddable":true,"href":"https:\/\/portaltactica.com\/index.php?rest_route=%2Fwp%2Fv2%2Fcomments&post=57184"}],"version-history":[{"count":1,"href":"https:\/\/portaltactica.com\/index.php?rest_route=\/wp\/v2\/posts\/57184\/revisions"}],"predecessor-version":[{"id":57186,"href":"https:\/\/portaltactica.com\/index.php?rest_route=\/wp\/v2\/posts\/57184\/revisions\/57186"}],"wp:featuredmedia":[{"embeddable":true,"href":"https:\/\/portaltactica.com\/index.php?rest_route=\/wp\/v2\/media\/57185"}],"wp:attachment":[{"href":"https:\/\/portaltactica.com\/index.php?rest_route=%2Fwp%2Fv2%2Fmedia&parent=57184"}],"wp:term":[{"taxonomy":"category","embeddable":true,"href":"https:\/\/portaltactica.com\/index.php?rest_route=%2Fwp%2Fv2%2Fcategories&post=57184"},{"taxonomy":"post_tag","embeddable":true,"href":"https:\/\/portaltactica.com\/index.php?rest_route=%2Fwp%2Fv2%2Ftags&post=57184"}],"curies":[{"name":"wp","href":"https:\/\/api.w.org\/{rel}","templated":true}]}}