{"id":56833,"date":"2022-06-05T13:48:41","date_gmt":"2022-06-05T19:48:41","guid":{"rendered":"https:\/\/portaltactica.com\/?p=56833"},"modified":"2022-06-05T13:48:41","modified_gmt":"2022-06-05T19:48:41","slug":"mazatlan-imdem-se-proclama-subcampeon-del-estatal-de-futbol-osos","status":"publish","type":"post","link":"https:\/\/portaltactica.com\/?p=56833","title":{"rendered":"Mazatl\u00e1n Imdem se proclama subcampe\u00f3n del Estatal de Futbol Osos"},"content":{"rendered":"\n<p>El conjunto dirigido por Humberto Hern\u00e1ndez y Jos\u00e9 Luis Silva, cerr\u00f3 su participaci\u00f3n en la segunda posici\u00f3n del selectivo tras caer 2-1 ante Culiac\u00e1n Municipal, en vibrante encuentro final<br><br><br>Ahome._ La Selecci\u00f3n Mazatl\u00e1n Imdem se proclam\u00f3 subcampeona del Campeonato Estatal de Futbol Categor\u00eda Osos, celebrado en el Deportivo Corerepe, de Los Mochis, donde la intensidad y el buen manejo del bal\u00f3n marcaron el cierre de la\u00a0 jornada. <br><br>El conjunto de la Perla del Pac\u00edfico, dirigido por Humberto Hern\u00e1ndez y Jos\u00e9 Luis Silva, cerr\u00f3 su participaci\u00f3n en la segunda posici\u00f3n del selectivo tras caer 2 goles por 1 ante Culiac\u00e1n Municipal, en vibrante encuentro, donde la calidad futbol\u00edstica se hizo presente en ambos bandos. <br><br>Tanto Mazatl\u00e1n Imdem como Culiac\u00e1n Municipal salieron al terreno de juego en busca de la tercera corona puesta en juego en este ciclo futbol\u00edstico avalado por la Asociaci\u00f3n de Futbolistas Organizados del Estado de Sinaloa A.C., y as\u00ed lo dejaron ver en la cancha, igualando a uno en el primer tiempo, con goles de Diego C\u00e1rdenas, por los porte\u00f1os, e Iv\u00e1n Montes, por los de la capital del estado. <br><br>Para el segundo tiempo el campe\u00f3n de goleo con seis anotaciones, Amilkar Dom\u00ednguez, se hizo presente por Culiac\u00e1n para inclinar la balanza a su favor y conseguir el t\u00edtulo de la divisi\u00f3n Sub-10. <br><br>PARA SABER <br>Debido a protestas de ambos equipos, el resultado final del partido se encuentra en proceso administrativo. El comit\u00e9 organizador dar\u00e1 a conocer el veredicto entre lunes y martes de esta semana.<\/p>\n\n\n\n<figure class=\"wp-block-gallery has-nested-images columns-default is-cropped wp-block-gallery-1 is-layout-flex wp-block-gallery-is-layout-flex\">\n<figure class=\"wp-block-image size-large\"><img fetchpriority=\"high\" decoding=\"async\" width=\"971\" height=\"650\" data-id=\"56831\" src=\"https:\/\/portaltactica.com\/wp-content\/uploads\/2022\/06\/IMG-20220605-WA0034.jpg\" alt=\"\" class=\"wp-image-56831\" srcset=\"https:\/\/portaltactica.com\/wp-content\/uploads\/2022\/06\/IMG-20220605-WA0034.jpg 971w, https:\/\/portaltactica.com\/wp-content\/uploads\/2022\/06\/IMG-20220605-WA0034-768x514.jpg 768w, https:\/\/portaltactica.com\/wp-content\/uploads\/2022\/06\/IMG-20220605-WA0034-585x392.jpg 585w, https:\/\/portaltactica.com\/wp-content\/uploads\/2022\/06\/IMG-20220605-WA0034-263x175.jpg 263w, https:\/\/portaltactica.com\/wp-content\/uploads\/2022\/06\/IMG-20220605-WA0034-272x182.jpg 272w\" sizes=\"(max-width: 971px) 100vw, 971px\" \/><\/figure>\n\n\n\n<figure class=\"wp-block-image size-large\"><img decoding=\"async\" width=\"774\" height=\"603\" data-id=\"56830\" src=\"https:\/\/portaltactica.com\/wp-content\/uploads\/2022\/06\/IMG-20220605-WA0032.jpg\" alt=\"\" class=\"wp-image-56830\" srcset=\"https:\/\/portaltactica.com\/wp-content\/uploads\/2022\/06\/IMG-20220605-WA0032.jpg 774w, https:\/\/portaltactica.com\/wp-content\/uploads\/2022\/06\/IMG-20220605-WA0032-768x598.jpg 768w, https:\/\/portaltactica.com\/wp-content\/uploads\/2022\/06\/IMG-20220605-WA0032-585x456.jpg 585w\" sizes=\"(max-width: 774px) 100vw, 774px\" \/><\/figure>\n<\/figure>\n<div class='share-to-whatsapp-wrapper'><div class='share-on-whsp'>Share on: <\/div><a data-text='Mazatl\u00e1n Imdem se proclama subcampe\u00f3n del Estatal de Futbol Osos' data-link='https:\/\/portaltactica.com\/?p=56833' class='whatsapp-button whatsapp-share'>WhatsApp<\/a><div class='clear '><\/div><\/div>","protected":false},"excerpt":{"rendered":"<p>El conjunto dirigido por Humberto Hern\u00e1ndez y Jos\u00e9 Luis Silva, cerr\u00f3 su participaci\u00f3n en la segunda posici\u00f3n del selectivo tras caer&hellip;<\/p>\n","protected":false},"author":1,"featured_media":56832,"comment_status":"","ping_status":"","sticky":false,"template":"","format":"standard","meta":{"advanced_seo_description":"","jetpack_seo_html_title":"","jetpack_seo_noindex":false,"_jetpack_memberships_contains_paid_content":false,"footnotes":"","jetpack_publicize_message":"","jetpack_publicize_feature_enabled":true,"jetpack_social_post_already_shared":true,"jetpack_social_options":{"image_generator_settings":{"template":"highway","default_image_id":0,"font":"","enabled":false},"version":2}},"categories":[1899],"tags":[37],"class_list":["post-56833","post","type-post","status-publish","format-standard","has-post-thumbnail","hentry","category-destacado-mazatlan","tag-imdem"],"jetpack_publicize_connections":[],"jetpack_featured_media_url":"https:\/\/portaltactica.com\/wp-content\/uploads\/2022\/06\/IMG-20220605-WA0031.jpg","jetpack_sharing_enabled":true,"_links":{"self":[{"href":"https:\/\/portaltactica.com\/index.php?rest_route=\/wp\/v2\/posts\/56833","targetHints":{"allow":["GET"]}}],"collection":[{"href":"https:\/\/portaltactica.com\/index.php?rest_route=\/wp\/v2\/posts"}],"about":[{"href":"https:\/\/portaltactica.com\/index.php?rest_route=\/wp\/v2\/types\/post"}],"author":[{"embeddable":true,"href":"https:\/\/portaltactica.com\/index.php?rest_route=\/wp\/v2\/users\/1"}],"replies":[{"embeddable":true,"href":"https:\/\/portaltactica.com\/index.php?rest_route=%2Fwp%2Fv2%2Fcomments&post=56833"}],"version-history":[{"count":0,"href":"https:\/\/portaltactica.com\/index.php?rest_route=\/wp\/v2\/posts\/56833\/revisions"}],"wp:featuredmedia":[{"embeddable":true,"href":"https:\/\/portaltactica.com\/index.php?rest_route=\/wp\/v2\/media\/56832"}],"wp:attachment":[{"href":"https:\/\/portaltactica.com\/index.php?rest_route=%2Fwp%2Fv2%2Fmedia&parent=56833"}],"wp:term":[{"taxonomy":"category","embeddable":true,"href":"https:\/\/portaltactica.com\/index.php?rest_route=%2Fwp%2Fv2%2Fcategories&post=56833"},{"taxonomy":"post_tag","embeddable":true,"href":"https:\/\/portaltactica.com\/index.php?rest_route=%2Fwp%2Fv2%2Ftags&post=56833"}],"curies":[{"name":"wp","href":"https:\/\/api.w.org\/{rel}","templated":true}]}}