{"id":56818,"date":"2022-06-04T22:00:44","date_gmt":"2022-06-05T04:00:44","guid":{"rendered":"https:\/\/portaltactica.com\/?p=56818"},"modified":"2022-06-04T22:00:44","modified_gmt":"2022-06-05T04:00:44","slug":"destacan-velocistas-en-la-segunda-fecha-del-serial-de-atletismo-imdem","status":"publish","type":"post","link":"https:\/\/portaltactica.com\/?p=56818","title":{"rendered":"Destacan velocistas en la segunda fecha del Serial de Atletismo Imdem"},"content":{"rendered":"\n<p>M\u00e1s de 100 atletas se dan cita en la pista de tart\u00e1n de la Unidad Deportiva Benito Ju\u00e1rez.<\/p>\n\n\n\n<p>Mazatl\u00e1n._ La segunda fecha del Serial de Atletismo Imdem cont\u00f3 con una excelente participaci\u00f3n, tras la incursi\u00f3n de las pruebas de 150 y 400 metros planos. <br><br>Fernanda Ram\u00edrez present\u00f3 sus credenciales en la pista de tart\u00e1n de la Unidad Deportiva Benito Ju\u00e1rez, como parte de la preparaci\u00f3n que lleva a cabo en las pruebas de velocidad, para imponerse en los 400 metros con un tiempo de 1.07.35 minutos.<br><br>Mientras que en la rama varonil, de la categor\u00eda 2005-2006, Ricardo Rubio, portando el n\u00famero 203 en el pecho, detuvo el cron\u00f3metro en 57.16 segundos, dejando listo el \u00f3valo para que debutaran los 150 metros.<br><br>Tras el apoyo mostrado en el grader\u00edo en las distancias cortas, se incorporaron los atletas a sus carriles y mostraron de qu\u00e9 est\u00e1n hechos. <br><br>La primera en cruzar la meta en la categor\u00eda 2007-2008, fue la multimedallista de los Juegos Nacionales Conade, Yenifer Tirado, quien estableci\u00f3 una marca de 20.54 segundos, dejando a Paloma Salas (21.42) con el segundo lugar y a Azul Santill\u00e1n (21.82) con el tercero.<br><br>En la rama varonil, categor\u00eda 2009-2010, el atleta del Viera\u00b4s Team, Kamil Figueroa logr\u00f3 la primera posici\u00f3n tras detener el crono en 20.65 segundos; Carlos Esquivel arrib\u00f3 a la meta en segundo lugar, con una marca de 21.37, mientras que Alan Aguirre, con 21.89, en tercero.<br><br>La tercera fecha del Serial de Atletismo Imdem se llevar\u00e1 a cabo el pr\u00f3ximo s\u00e1bado 18 de junio.<\/p>\n\n\n\n<figure class=\"wp-block-gallery has-nested-images columns-default is-cropped wp-block-gallery-1 is-layout-flex wp-block-gallery-is-layout-flex\">\n<figure class=\"wp-block-image size-large\"><img fetchpriority=\"high\" decoding=\"async\" width=\"893\" height=\"627\" data-id=\"56815\" src=\"https:\/\/portaltactica.com\/wp-content\/uploads\/2022\/06\/IMG-20220604-WA0063.jpg\" alt=\"\" class=\"wp-image-56815\" srcset=\"https:\/\/portaltactica.com\/wp-content\/uploads\/2022\/06\/IMG-20220604-WA0063.jpg 893w, https:\/\/portaltactica.com\/wp-content\/uploads\/2022\/06\/IMG-20220604-WA0063-768x539.jpg 768w, https:\/\/portaltactica.com\/wp-content\/uploads\/2022\/06\/IMG-20220604-WA0063-585x411.jpg 585w\" sizes=\"(max-width: 893px) 100vw, 893px\" \/><\/figure>\n<\/figure>\n\n\n\n<p><\/p>\n<div class='share-to-whatsapp-wrapper'><div class='share-on-whsp'>Share on: <\/div><a data-text='Destacan velocistas en la segunda fecha del Serial de Atletismo Imdem' data-link='https:\/\/portaltactica.com\/?p=56818' class='whatsapp-button whatsapp-share'>WhatsApp<\/a><div class='clear '><\/div><\/div>","protected":false},"excerpt":{"rendered":"<p>M\u00e1s de 100 atletas se dan cita en la pista de tart\u00e1n de la Unidad Deportiva Benito Ju\u00e1rez. Mazatl\u00e1n._ La segunda&hellip;<\/p>\n","protected":false},"author":1,"featured_media":56817,"comment_status":"","ping_status":"","sticky":false,"template":"","format":"standard","meta":{"advanced_seo_description":"","jetpack_seo_html_title":"","jetpack_seo_noindex":false,"_jetpack_memberships_contains_paid_content":false,"footnotes":"","jetpack_publicize_message":"","jetpack_publicize_feature_enabled":true,"jetpack_social_post_already_shared":true,"jetpack_social_options":{"image_generator_settings":{"template":"highway","default_image_id":0,"font":"","enabled":false},"version":2}},"categories":[10],"tags":[37],"class_list":["post-56818","post","type-post","status-publish","format-standard","has-post-thumbnail","hentry","category-mazatlan","tag-imdem"],"jetpack_publicize_connections":[],"jetpack_featured_media_url":"https:\/\/portaltactica.com\/wp-content\/uploads\/2022\/06\/IMG-20220604-WA0060-1.jpg","jetpack_sharing_enabled":true,"_links":{"self":[{"href":"https:\/\/portaltactica.com\/index.php?rest_route=\/wp\/v2\/posts\/56818","targetHints":{"allow":["GET"]}}],"collection":[{"href":"https:\/\/portaltactica.com\/index.php?rest_route=\/wp\/v2\/posts"}],"about":[{"href":"https:\/\/portaltactica.com\/index.php?rest_route=\/wp\/v2\/types\/post"}],"author":[{"embeddable":true,"href":"https:\/\/portaltactica.com\/index.php?rest_route=\/wp\/v2\/users\/1"}],"replies":[{"embeddable":true,"href":"https:\/\/portaltactica.com\/index.php?rest_route=%2Fwp%2Fv2%2Fcomments&post=56818"}],"version-history":[{"count":0,"href":"https:\/\/portaltactica.com\/index.php?rest_route=\/wp\/v2\/posts\/56818\/revisions"}],"wp:featuredmedia":[{"embeddable":true,"href":"https:\/\/portaltactica.com\/index.php?rest_route=\/wp\/v2\/media\/56817"}],"wp:attachment":[{"href":"https:\/\/portaltactica.com\/index.php?rest_route=%2Fwp%2Fv2%2Fmedia&parent=56818"}],"wp:term":[{"taxonomy":"category","embeddable":true,"href":"https:\/\/portaltactica.com\/index.php?rest_route=%2Fwp%2Fv2%2Fcategories&post=56818"},{"taxonomy":"post_tag","embeddable":true,"href":"https:\/\/portaltactica.com\/index.php?rest_route=%2Fwp%2Fv2%2Ftags&post=56818"}],"curies":[{"name":"wp","href":"https:\/\/api.w.org\/{rel}","templated":true}]}}