{"id":56722,"date":"2022-06-01T16:26:16","date_gmt":"2022-06-01T22:26:16","guid":{"rendered":"https:\/\/portaltactica.com\/?p=56722"},"modified":"2022-06-01T16:26:16","modified_gmt":"2022-06-01T22:26:16","slug":"realizan-primera-edicion-del-desfile-de-vela-para-conmemorar-el-dia-de-la-marina","status":"publish","type":"post","link":"https:\/\/portaltactica.com\/?p=56722","title":{"rendered":"Realizan primera edici\u00f3n del Desfile de Vela para conmemorar el D\u00eda de la Marina"},"content":{"rendered":"\n<p class=\"wp-block-paragraph\">Alrededor de 50 personas fueron parte de la comitiva coordinada por el Comit\u00e9 Municipal de Vela, Capitan\u00eda de Puerto de Mazatl\u00e1n y la Cuarta Zona Naval.<\/p>\n\n\n\n<p class=\"wp-block-paragraph\">Mazatl\u00e1n._ Exaltando la tradici\u00f3n marinera que se vive en el puerto y teniendo como testigo el Oc\u00e9ano Pac\u00edfico, se llev\u00f3 a cabo la\u00a0primera edici\u00f3n del Desfile de Vela, para conmemorar el D\u00eda de la Marina. <br><br>Alrededor de 50 personas fueron parte de la comitiva coordinada por el Comit\u00e9 Municipal de Vela, Capitan\u00eda de Puerto de Mazatl\u00e1n y la Cuarta Zona Naval, que recorri\u00f3 alrededor de 5 kil\u00f3metros en paralelo a la bah\u00eda. <br><br>&#8220;Fue un recorrido corto, pero muy hermoso, para que la gente pudiera apreciarlo, sin duda se sienta un precedente al ser la primera vez que lo realizamos y esperamos que se haga cada a\u00f1o&#8221;, dijo Eduardo Olivares, presidente del Comit\u00e9 Municipal de Vela. <br><br>El grupo de veleros que completaron el trayecto Isla de P\u00e1jaros-Monumento al Pescador-Isla de Venados, estuvo integrado por Mi Casa, Isadora, Titane, Tortue, Alhambra, Perla Negra y Kraken, pudiendo ser apreciados desde el Malec\u00f3n de Mazatl\u00e1n. <br><br>&#8220;Es una satisfacci\u00f3n conmemorar el D\u00eda de la Marina exaltando la tradici\u00f3n marinera que hay en el puerto y estrechar los lazos de camarader\u00eda que caracterizan a la gente de mar&#8221;, dijo. <br><br>La primera ocasi\u00f3n que se celebr\u00f3 el D\u00eda de la Marina fue el 1 de junio de 1942, que sirvi\u00f3 adem\u00e1s, para homenajear a las tripulaciones de los buques tanques mexicanos &#8220;Potrero del Llano&#8221; y &#8220;Faja de Oro&#8221;.<\/p>\n\n\n\n<figure class=\"wp-block-gallery has-nested-images columns-default is-cropped wp-block-gallery-1 is-layout-flex wp-block-gallery-is-layout-flex\">\n<figure class=\"wp-block-image size-large\"><img fetchpriority=\"high\" decoding=\"async\" width=\"1024\" height=\"853\" data-id=\"56721\" src=\"https:\/\/portaltactica.com\/wp-content\/uploads\/2022\/06\/IMG-20220601-WA0033-1024x853.jpg\" alt=\"\" class=\"wp-image-56721\"\/><\/figure>\n\n\n\n<figure class=\"wp-block-image size-large\"><img decoding=\"async\" width=\"1280\" height=\"1057\" data-id=\"56717\" src=\"https:\/\/portaltactica.com\/wp-content\/uploads\/2022\/06\/IMG-20220601-WA0025.jpg\" alt=\"\" class=\"wp-image-56717\" srcset=\"https:\/\/portaltactica.com\/wp-content\/uploads\/2022\/06\/IMG-20220601-WA0025.jpg 1280w, https:\/\/portaltactica.com\/wp-content\/uploads\/2022\/06\/IMG-20220601-WA0025-768x634.jpg 768w, https:\/\/portaltactica.com\/wp-content\/uploads\/2022\/06\/IMG-20220601-WA0025-1170x966.jpg 1170w, https:\/\/portaltactica.com\/wp-content\/uploads\/2022\/06\/IMG-20220601-WA0025-585x483.jpg 585w\" sizes=\"(max-width: 1280px) 100vw, 1280px\" \/><\/figure>\n\n\n\n<figure class=\"wp-block-image size-large\"><img decoding=\"async\" width=\"1024\" height=\"853\" data-id=\"56715\" src=\"https:\/\/portaltactica.com\/wp-content\/uploads\/2022\/06\/IMG-20220601-WA0026-1024x853.jpg\" alt=\"\" class=\"wp-image-56715\"\/><\/figure>\n<\/figure>\n<div class='share-to-whatsapp-wrapper'><div class='share-on-whsp'>Share on: <\/div><a data-text='Realizan primera edici\u00f3n del Desfile de Vela para conmemorar el D\u00eda de la Marina' data-link='https:\/\/portaltactica.com\/?p=56722' class='whatsapp-button whatsapp-share'>WhatsApp<\/a><div class='clear '><\/div><\/div>","protected":false},"excerpt":{"rendered":"<p>Alrededor de 50 personas fueron parte de la comitiva coordinada por el Comit\u00e9 Municipal de Vela, Capitan\u00eda de Puerto de Mazatl\u00e1n&hellip;<\/p>\n","protected":false},"author":1,"featured_media":56720,"comment_status":"open","ping_status":"open","sticky":false,"template":"","format":"standard","meta":{"advanced_seo_description":"","jetpack_seo_html_title":"","jetpack_seo_noindex":false,"jetpack_seo_schema_type":"","_jetpack_newsletter_access":"","_jetpack_dont_email_post_to_subs":false,"_jetpack_newsletter_tier_id":0,"_jetpack_memberships_contains_paywalled_content":false,"_jetpack_feature_clip_id":0,"_jetpack_memberships_contains_paid_content":false,"footnotes":"","jetpack_publicize_message":"","jetpack_publicize_feature_enabled":true,"jetpack_social_post_already_shared":true,"jetpack_social_options":{"image_generator_settings":{"template":"highway","default_image_id":0,"font":"","enabled":false},"version":2},"jetpack_post_was_ever_published":false},"categories":[1899],"tags":[37],"class_list":["post-56722","post","type-post","status-publish","format-standard","has-post-thumbnail","hentry","category-destacado-mazatlan","tag-imdem"],"jetpack_publicize_connections":[],"jetpack_sharing_enabled":true,"jetpack_featured_media_url":"https:\/\/portaltactica.com\/wp-content\/uploads\/2022\/06\/IMG-20220601-WA0022.jpg","_links":{"self":[{"href":"https:\/\/portaltactica.com\/index.php?rest_route=\/wp\/v2\/posts\/56722","targetHints":{"allow":["GET"]}}],"collection":[{"href":"https:\/\/portaltactica.com\/index.php?rest_route=\/wp\/v2\/posts"}],"about":[{"href":"https:\/\/portaltactica.com\/index.php?rest_route=\/wp\/v2\/types\/post"}],"author":[{"embeddable":true,"href":"https:\/\/portaltactica.com\/index.php?rest_route=\/wp\/v2\/users\/1"}],"replies":[{"embeddable":true,"href":"https:\/\/portaltactica.com\/index.php?rest_route=%2Fwp%2Fv2%2Fcomments&post=56722"}],"version-history":[{"count":0,"href":"https:\/\/portaltactica.com\/index.php?rest_route=\/wp\/v2\/posts\/56722\/revisions"}],"wp:featuredmedia":[{"embeddable":true,"href":"https:\/\/portaltactica.com\/index.php?rest_route=\/wp\/v2\/media\/56720"}],"wp:attachment":[{"href":"https:\/\/portaltactica.com\/index.php?rest_route=%2Fwp%2Fv2%2Fmedia&parent=56722"}],"wp:term":[{"taxonomy":"category","embeddable":true,"href":"https:\/\/portaltactica.com\/index.php?rest_route=%2Fwp%2Fv2%2Fcategories&post=56722"},{"taxonomy":"post_tag","embeddable":true,"href":"https:\/\/portaltactica.com\/index.php?rest_route=%2Fwp%2Fv2%2Ftags&post=56722"}],"curies":[{"name":"wp","href":"https:\/\/api.w.org\/{rel}","templated":true}]}}