{"id":56479,"date":"2022-05-25T14:18:46","date_gmt":"2022-05-25T20:18:46","guid":{"rendered":"https:\/\/portaltactica.com\/?p=56479"},"modified":"2022-05-25T14:18:50","modified_gmt":"2022-05-25T20:18:50","slug":"hernandez-y-martino-deberan-arreglar-sus-malentendidos-sin-interferencias","status":"publish","type":"post","link":"https:\/\/portaltactica.com\/?p=56479","title":{"rendered":"Hern\u00e1ndez y Martino deber\u00e1n arreglar sus malentendidos sin interferencias"},"content":{"rendered":"\n<p>Si Javier Hern\u00e1ndez tiene la intenci\u00f3n de arreglar sus diferencias con el entrenador Gerardo Martino, la Federaci\u00f3n Mexicana de Futbol no va a intervenir y depender\u00e1 exclusivamente de ambos personajes llegar a un acuerdo para que el delantero mexicano vuelva a la Selecci\u00f3n Mexicana. <\/p>\n\n\n\n<p>Yon de Luisa, presidente de la Femexfut, evit\u00f3 hablar sobre la ausencia del artillero que milita en Los Angeles Galaxy, pero dej\u00f3 en manos del Tata Martino el regreso de CH14 al Tri en a\u00f1o mundialista. <\/p>\n\n\n\n<p>&#8220;Yo creo que el tema de Javier y el Tata es de Javier y el Tata. Cualquier comentario que salga de ellos ser\u00e1 bienvenido y se lo dejamos a ellos dos. Las posibilidades las generan ellos y las llevar\u00e1n a cabo ellos dos&#8221;, dijo De Luisa en conferencia de prensa en el Centro de Alto Rendimiento. <\/p>\n\n\n\n<p>Javier Hern\u00e1ndez reiter\u00f3 hace unos d\u00edas su intenci\u00f3n de jugar con la Selecci\u00f3n Mexicana y descart\u00f3 que se vaya a retirar del Tri, como ya lo hizo p\u00fablicamente el delantero Carlos Vela. <\/p>\n\n\n\n<p>Por otro lado, el directivo aclar\u00f3 que el equipo mexicano debe estar enfocado solamente en la preparaci\u00f3n al Mundial de Qatar 2022 en noviembre y asegur\u00f3 que no habr\u00e1 problemas con las primas econ\u00f3micas por los objetivos trazados, porque todos los arreglos est\u00e1n por escrito desde que inici\u00f3 la Eliminatoria. <\/p>\n\n\n\n<p>&#8220;El tema de Javier es un tema entre el director t\u00e9cnico y Javier y no tengo comentario adicional. En el tema de las primas, en la Federaci\u00f3n nos gusta trabajar con una gran planeaci\u00f3n y todas las primas se negociaron al inicio del ciclo mundialista&#8221;, dijo. <\/p>\n\n\n\n<p>&#8220;Eso nos ha permitido que todos los jugadores se concentren en los deportivo junto con el Tata. No hay distracci\u00f3n adicional. Todo el trabajo es deportivo, lo dem\u00e1s est\u00e1 acordado, est\u00e1 firmado, est\u00e1 en papeles y ojal\u00e1 estemos pagando muchos bonos, muchas primas con base a un extraordinario resultado deportivo. Yo de coraz\u00f3n siento que as\u00ed va a suceder&#8221;. <\/p>\n\n\n\n<p>Yon de Luisa, junto con representantes de Ocesa, present\u00f3 al experiencia &#8216;inmersiva&#8217; de la Selecci\u00f3n Mexicana. Un show que se presentar\u00e1 para toda la afici\u00f3n y que busca recrear los momentos m\u00e1s ic\u00f3nicos del Tri a trav\u00e9s de proyecciones ubicadas en un espacio de 2 mil metros cuadrados. <\/p>\n\n\n\n<p><\/p>\n\n\n\n<p style=\"font-size:9px\"><em>Fuente: Mediotiempo.<\/em><\/p>\n<div class='share-to-whatsapp-wrapper'><div class='share-on-whsp'>Share on: <\/div><a data-text='Hern\u00e1ndez y Martino deber\u00e1n arreglar sus malentendidos sin interferencias' data-link='https:\/\/portaltactica.com\/?p=56479' class='whatsapp-button whatsapp-share'>WhatsApp<\/a><div class='clear '><\/div><\/div>","protected":false},"excerpt":{"rendered":"<p>Si Javier Hern\u00e1ndez tiene la intenci\u00f3n de arreglar sus diferencias con el entrenador Gerardo Martino, la Federaci\u00f3n Mexicana de Futbol no&hellip;<\/p>\n","protected":false},"author":2,"featured_media":56480,"comment_status":"open","ping_status":"open","sticky":false,"template":"","format":"standard","meta":{"advanced_seo_description":"","jetpack_seo_html_title":"","jetpack_seo_noindex":false,"_jetpack_memberships_contains_paid_content":false,"footnotes":"","jetpack_publicize_message":"","jetpack_publicize_feature_enabled":true,"jetpack_social_post_already_shared":true,"jetpack_social_options":{"image_generator_settings":{"template":"highway","default_image_id":0,"font":"","enabled":false},"version":2}},"categories":[1897],"tags":[1183,1184],"class_list":["post-56479","post","type-post","status-publish","format-standard","has-post-thumbnail","hentry","category-destacado-nacional","tag-gerardo-martino","tag-javier-hernandez"],"jetpack_publicize_connections":[],"jetpack_featured_media_url":"https:\/\/portaltactica.com\/wp-content\/uploads\/2022\/05\/5.jpeg","jetpack_sharing_enabled":true,"_links":{"self":[{"href":"https:\/\/portaltactica.com\/index.php?rest_route=\/wp\/v2\/posts\/56479","targetHints":{"allow":["GET"]}}],"collection":[{"href":"https:\/\/portaltactica.com\/index.php?rest_route=\/wp\/v2\/posts"}],"about":[{"href":"https:\/\/portaltactica.com\/index.php?rest_route=\/wp\/v2\/types\/post"}],"author":[{"embeddable":true,"href":"https:\/\/portaltactica.com\/index.php?rest_route=\/wp\/v2\/users\/2"}],"replies":[{"embeddable":true,"href":"https:\/\/portaltactica.com\/index.php?rest_route=%2Fwp%2Fv2%2Fcomments&post=56479"}],"version-history":[{"count":1,"href":"https:\/\/portaltactica.com\/index.php?rest_route=\/wp\/v2\/posts\/56479\/revisions"}],"predecessor-version":[{"id":56481,"href":"https:\/\/portaltactica.com\/index.php?rest_route=\/wp\/v2\/posts\/56479\/revisions\/56481"}],"wp:featuredmedia":[{"embeddable":true,"href":"https:\/\/portaltactica.com\/index.php?rest_route=\/wp\/v2\/media\/56480"}],"wp:attachment":[{"href":"https:\/\/portaltactica.com\/index.php?rest_route=%2Fwp%2Fv2%2Fmedia&parent=56479"}],"wp:term":[{"taxonomy":"category","embeddable":true,"href":"https:\/\/portaltactica.com\/index.php?rest_route=%2Fwp%2Fv2%2Fcategories&post=56479"},{"taxonomy":"post_tag","embeddable":true,"href":"https:\/\/portaltactica.com\/index.php?rest_route=%2Fwp%2Fv2%2Ftags&post=56479"}],"curies":[{"name":"wp","href":"https:\/\/api.w.org\/{rel}","templated":true}]}}