{"id":56302,"date":"2022-05-20T09:58:26","date_gmt":"2022-05-20T15:58:26","guid":{"rendered":"https:\/\/portaltactica.com\/?p=56302"},"modified":"2022-05-20T09:58:29","modified_gmt":"2022-05-20T15:58:29","slug":"alonso-explota-contra-la-fia-acusa-de-incompetencia","status":"publish","type":"post","link":"https:\/\/portaltactica.com\/?p=56302","title":{"rendered":"Alonso explota contra la FIA; acusa de incompetencia"},"content":{"rendered":"\n<p>Fernando Alonso ha acusado al organismo rector de la F\u00f3rmula 1 de &#8220;incompetencia&#8221; y falta de conocimiento de las carreras.<\/p>\n\n\n\n<p>El piloto alpino identific\u00f3 los incidentes en la \u00faltima carrera en Miami, pero tambi\u00e9n hizo una referencia oblicua a la gesti\u00f3n de la FIA en otros asuntos este a\u00f1o.<\/p>\n\n\n\n<p>Dijo que no hab\u00eda visto ninguna mejora en la FIA, a pesar de sus intentos de reestructuraci\u00f3n tras la gesti\u00f3n del final del a\u00f1o pasado en Abu Dhabi.<\/p>\n\n\n\n<p>Alonso calific\u00f3 de &#8220;injusta&#8221; la sanci\u00f3n que recibi\u00f3 en Miami por obtener una ventaja al salirse de la pista. Los cinco segundos a\u00f1adidos a su tiempo de carrera por cortar una chicane le dejaron fuera de los puntos.<\/p>\n\n\n\n<p>Dijo que hab\u00eda devuelto inmediatamente el tiempo ganado tras el incidente, pero que los comisarios s\u00f3lo se hab\u00edan fijado en el hecho de que luego hab\u00eda ido m\u00e1s r\u00e1pido en la siguiente secci\u00f3n de la pista, y no hab\u00edan respondido a que Alpine les mostrara datos de telemetr\u00eda para demostrar su punto.<\/p>\n\n\n\n<p>&#8220;Creemos que fue muy injusto e incompetente por parte de los comisarios&#8221;, dijo Alonso.<\/p>\n\n\n\n<p>&#8220;No fueron muy profesionales. Me salt\u00e9 una curva y devolv\u00ed el tiempo. Vieron el color rosa [por ser el m\u00e1s r\u00e1pido] en el siguiente sector y lo tomaron sin pedir pruebas.<\/p>\n\n\n\n<p>&#8220;Llegamos de vuelta con las pruebas y estaban recogiendo, ni siquiera en la sala. Les mostramos los datos y se encontraron con las manos atadas porque ya hab\u00edan emitido la sanci\u00f3n. Estuvo muy mal. Es algo que no deber\u00eda ocurrir en la F1 con la profesionalidad y los est\u00e1ndares que tiene la F1 ahora mismo&#8221;.<\/p>\n\n\n\n<p>Tambi\u00e9n critic\u00f3 duramente a Niels Wittich, que ha actuado como director de carrera en las cinco carreras de este a\u00f1o.<\/p>\n\n\n\n<p>Alonso se refiri\u00f3 a la decisi\u00f3n de Wittich de no responder a las peticiones de los pilotos de que se instalara una barrera de absorci\u00f3n de impactos en una curva en la que el piloto de Ferrari Carlos Sainz se estrell\u00f3 fuertemente en los entrenamientos del viernes en Miami.<\/p>\n\n\n\n<p>Sainz se hab\u00eda quejado en la reuni\u00f3n de pilotos de que el impacto fue mucho m\u00e1s grave de lo que deber\u00eda haber sido dada la baja velocidad, pero se le dijo que era un accidente fortuito y que no era necesaria una barrera.<\/p>\n\n\n\n<p>El compa\u00f1ero de equipo de Alonso, Esteban Ocon, tuvo un accidente casi id\u00e9ntico al d\u00eda siguiente, que da\u00f1\u00f3 el chasis de su coche.<\/p>\n\n\n\n<p>Alonso dijo que esperaba que Eduardo Freitas, que sustituye a Wittich como director de carrera para el Gran Premio de Espa\u00f1a de este fin de semana, mejorara a Wittich.<\/p>\n\n\n\n<p>Cuando se le pregunt\u00f3 si hab\u00eda visto evidencias de mejora por parte de la FIA tras la reestructuraci\u00f3n que se produjo despu\u00e9s de que el anterior director de carrera, Michael Masi, no aplicara directamente las reglas en el pol\u00e9mico final de campeonato de la temporada pasada, Alonso dijo: &#8220;No&#8221;.<\/p>\n\n\n\n<p>&#8220;Ya hemos visto un par de cosas que demuestran que todav\u00eda tenemos que mejorar mucho&#8221;, a\u00f1adi\u00f3.<\/p>\n\n\n\n<p>&#8220;Hay que tener algunos conocimientos sobre las carreras antes de ser director de carrera o intentar supervisar una carrera y no creo que esos conocimientos existan en este momento&#8221;.<\/p>\n\n\n\n<p>&#8220;Hay un nuevo director de carrera aqu\u00ed. Freitas tiene mucha m\u00e1s experiencia en el Campeonato del Mundo de Resistencia y al m\u00e1ximo nivel y eso ya mejorar\u00e1 las cosas.<\/p>\n\n\n\n<p>&#8220;Incluso en el accidente que tuvimos en Miami con Carlos y Esteban, presionamos para tener algunas barreras all\u00ed y nadie hizo nada. Cuando no tienes ese conocimiento de las carreras, es dif\u00edcil hablar&#8221;.<\/p>\n\n\n\n<p>Ocon dijo que hab\u00eda hablado con Freitas en Espa\u00f1a esta semana y que le hab\u00edan dicho que tras el an\u00e1lisis de ambos accidentes habr\u00eda cambios en la pista de Miami el pr\u00f3ximo a\u00f1o.<\/p>\n\n\n\n<p>Wittich tambi\u00e9n ha sido objeto de controversia este a\u00f1o por adoptar un enfoque al pie de la letra de las normas, lo que ha llevado a que se diga a los pilotos que no pueden llevar ninguna joya en el coche.<\/p>\n\n\n\n<p>Alonso dijo: &#8220;S\u00f3lo tenemos que seguir mejorando que somos los \u00fanicos que conducimos los coches y experimentamos los choques y cuando sentimos que algo es necesario, debemos ser escuchados&#8221;.<\/p>\n\n\n\n<p>&#8220;En Miami y en otros ejemplos no tuvimos eso porque parece que el foco est\u00e1 en otro lugar&#8221;.<\/p>\n\n\n\n<p>Lewis Hamilton dijo en Miami que el nuevo enfoque en las joyas y la ropa era &#8220;casi un paso atr\u00e1s&#8221; y dijo que el deporte ten\u00eda &#8220;peces m\u00e1s grandes que fre\u00edr&#8221;.<\/p>\n\n\n\n<p>Preguntado por los comentarios de Alonso, Lando Norris, de McLaren, dijo: &#8220;Fernando es un tipo al que hay que escuchar por la experiencia que tiene en las carreras. Si dice lo que dice, probablemente tenga algo de raz\u00f3n, al menos&#8221;.<\/p>\n\n\n\n<p>Los comentarios de Alonso tambi\u00e9n se producen en el contexto de un descontento generalizado entre los equipos y en los titulares de los derechos comerciales de la F1 por algunas de las acciones de la FIA este a\u00f1o.<\/p>\n\n\n\n<p>Entre ellas, la decisi\u00f3n del nuevo presidente de la FIA, Mohammed Ben Sulayem, de retrasar la aprobaci\u00f3n de un plan para que el n\u00famero de carreras al sprint se duplique a seis el pr\u00f3ximo a\u00f1o.<\/p>\n\n\n\n<p><\/p>\n\n\n\n<p style=\"font-size:9px\"><em>Fuente: BBC.<\/em><\/p>\n<div class='share-to-whatsapp-wrapper'><div class='share-on-whsp'>Share on: <\/div><a data-text='Alonso explota contra la FIA; acusa de incompetencia' data-link='https:\/\/portaltactica.com\/?p=56302' class='whatsapp-button whatsapp-share'>WhatsApp<\/a><div class='clear '><\/div><\/div>","protected":false},"excerpt":{"rendered":"<p>Fernando Alonso ha acusado al organismo rector de la F\u00f3rmula 1 de &#8220;incompetencia&#8221; y falta de conocimiento de las carreras. El&hellip;<\/p>\n","protected":false},"author":2,"featured_media":56303,"comment_status":"open","ping_status":"open","sticky":false,"template":"","format":"standard","meta":{"advanced_seo_description":"","jetpack_seo_html_title":"","jetpack_seo_noindex":false,"_jetpack_memberships_contains_paid_content":false,"footnotes":"","jetpack_publicize_message":"","jetpack_publicize_feature_enabled":true,"jetpack_social_post_already_shared":true,"jetpack_social_options":{"image_generator_settings":{"template":"highway","default_image_id":0,"font":"","enabled":false},"version":2}},"categories":[1898],"tags":[543,1954],"class_list":["post-56302","post","type-post","status-publish","format-standard","has-post-thumbnail","hentry","category-destacado-internacional","tag-f1","tag-fernando-alonso"],"jetpack_publicize_connections":[],"jetpack_featured_media_url":"https:\/\/portaltactica.com\/wp-content\/uploads\/2022\/05\/2-4.jpg","jetpack_sharing_enabled":true,"_links":{"self":[{"href":"https:\/\/portaltactica.com\/index.php?rest_route=\/wp\/v2\/posts\/56302","targetHints":{"allow":["GET"]}}],"collection":[{"href":"https:\/\/portaltactica.com\/index.php?rest_route=\/wp\/v2\/posts"}],"about":[{"href":"https:\/\/portaltactica.com\/index.php?rest_route=\/wp\/v2\/types\/post"}],"author":[{"embeddable":true,"href":"https:\/\/portaltactica.com\/index.php?rest_route=\/wp\/v2\/users\/2"}],"replies":[{"embeddable":true,"href":"https:\/\/portaltactica.com\/index.php?rest_route=%2Fwp%2Fv2%2Fcomments&post=56302"}],"version-history":[{"count":1,"href":"https:\/\/portaltactica.com\/index.php?rest_route=\/wp\/v2\/posts\/56302\/revisions"}],"predecessor-version":[{"id":56304,"href":"https:\/\/portaltactica.com\/index.php?rest_route=\/wp\/v2\/posts\/56302\/revisions\/56304"}],"wp:featuredmedia":[{"embeddable":true,"href":"https:\/\/portaltactica.com\/index.php?rest_route=\/wp\/v2\/media\/56303"}],"wp:attachment":[{"href":"https:\/\/portaltactica.com\/index.php?rest_route=%2Fwp%2Fv2%2Fmedia&parent=56302"}],"wp:term":[{"taxonomy":"category","embeddable":true,"href":"https:\/\/portaltactica.com\/index.php?rest_route=%2Fwp%2Fv2%2Fcategories&post=56302"},{"taxonomy":"post_tag","embeddable":true,"href":"https:\/\/portaltactica.com\/index.php?rest_route=%2Fwp%2Fv2%2Ftags&post=56302"}],"curies":[{"name":"wp","href":"https:\/\/api.w.org\/{rel}","templated":true}]}}