{"id":56262,"date":"2022-05-19T11:48:44","date_gmt":"2022-05-19T17:48:44","guid":{"rendered":"https:\/\/portaltactica.com\/?p=56262"},"modified":"2022-05-19T11:48:48","modified_gmt":"2022-05-19T17:48:48","slug":"aubameyang-anuncia-su-retiro-de-la-seleccion-de-gabon","status":"publish","type":"post","link":"https:\/\/portaltactica.com\/?p=56262","title":{"rendered":"Aubameyang anuncia su retiro de la selecci\u00f3n de Gab\u00f3n"},"content":{"rendered":"\n<p>Pierre-Emerick Aubameyang, capit\u00e1n de Gab\u00f3n y delantero del Barcelona, se ha retirado del f\u00fatbol internacional, quince d\u00edas antes de que comience la campa\u00f1a de clasificaci\u00f3n para la Copa Africana de Naciones 2023.<\/p>\n\n\n\n<p>El jugador de 32 a\u00f1os disput\u00f3 un total de 68 partidos con las Panteras y marc\u00f3 29 goles, lo que le convirti\u00f3 en el m\u00e1ximo goleador de la historia del pa\u00eds.<\/p>\n\n\n\n<p>La Federaci\u00f3n Gabonesa de F\u00fatbol (Fegafoot) inform\u00f3 de que hab\u00eda recibido una carta de Aubameyang anunciando su decisi\u00f3n.<\/p>\n\n\n\n<p>&#8220;Despu\u00e9s de 13 a\u00f1os de representar a mi pa\u00eds con orgullo, me gustar\u00eda decirles que pongo fin a mi carrera internacional&#8221;, escribi\u00f3 la ex estrella del Arsenal.<\/p>\n\n\n\n<p>&#8220;Me gustar\u00eda dar las gracias al pueblo gabon\u00e9s y a todos los que me han apoyado tanto en los buenos como en los malos momentos&#8221;.<\/p>\n\n\n\n<p>&#8220;Siempre tendr\u00e9 grandes recuerdos, como el d\u00eda que debut\u00e9, o el d\u00eda que volv\u00ed de Nigeria con el premio al mejor jugador africano del a\u00f1o. Compartirlo con todos es un momento inolvidable.<\/p>\n\n\n\n<p>&#8220;Quiero dar las gracias a mi padre, que me hizo querer ser como \u00e9l, y espero haberle hecho sentir orgulloso al vestir nuestros colores&#8221;.<\/p>\n\n\n\n<p>En respuesta, la Fegafoot reconoci\u00f3 su &#8220;inmensa carrera&#8221; y a un jugador &#8220;que supo promover, gracias a su profesionalidad, la imagen de Gab\u00f3n en todo el mundo&#8221;.<\/p>\n\n\n\n<p>&#8220;Pierre-Emerick Aubameyang ser\u00e1 siempre un modelo para las generaciones futuras&#8221;, a\u00f1ade el comunicado de la Fegafoot.<\/p>\n\n\n\n<p>&#8220;La gran familia del f\u00fatbol podr\u00e1 contar con su experiencia para el futuro&#8221;.<\/p>\n\n\n\n<p>Aubameyang naci\u00f3 en Francia y jug\u00f3 con la selecci\u00f3n francesa sub-21, pero se pas\u00f3 a la selecci\u00f3n de Gab\u00f3n para seguir los pasos de su padre, que capitane\u00f3 al equipo en su primera participaci\u00f3n en la Copa de Naciones en 1994.<\/p>\n\n\n\n<p>No siempre goz\u00f3 de una relaci\u00f3n cordial con Fegafoot, incluso en 2018, cuando critic\u00f3 al organismo rector por anunciar que su padre ser\u00eda el nuevo seleccionador nacional antes de que se cerrara un acuerdo.<\/p>\n\n\n\n<p>Aubameyang marc\u00f3 un gol en su debut internacional en la victoria por 2-1 en Marruecos en 2009, y particip\u00f3 en cuatro finales de la Copa Africana de Naciones con su pa\u00eds.<\/p>\n\n\n\n<p>El delantero form\u00f3 parte de la selecci\u00f3n de Gab\u00f3n para la Copa de Naciones de 2021, pero se perdi\u00f3 todos los partidos en Camer\u00fan tras contraer inicialmente Covid-19 y sufrir posteriormente &#8220;lesiones card\u00edacas&#8221;.<\/p>\n\n\n\n<p>Las Panteras inician su campa\u00f1a de clasificaci\u00f3n para el torneo de 2023 en Costa de Marfil, a domicilio contra la RD del Congo, el 4 de junio, antes de jugar un segundo partido del Grupo I en casa contra Mauritania cuatro d\u00edas despu\u00e9s.<\/p>\n<div class='share-to-whatsapp-wrapper'><div class='share-on-whsp'>Share on: <\/div><a data-text='Aubameyang anuncia su retiro de la selecci\u00f3n de Gab\u00f3n' data-link='https:\/\/portaltactica.com\/?p=56262' class='whatsapp-button whatsapp-share'>WhatsApp<\/a><div class='clear '><\/div><\/div>","protected":false},"excerpt":{"rendered":"<p>Pierre-Emerick Aubameyang, capit\u00e1n de Gab\u00f3n y delantero del Barcelona, se ha retirado del f\u00fatbol internacional, quince d\u00edas antes de que comience&hellip;<\/p>\n","protected":false},"author":2,"featured_media":56263,"comment_status":"open","ping_status":"open","sticky":false,"template":"","format":"standard","meta":{"advanced_seo_description":"","jetpack_seo_html_title":"","jetpack_seo_noindex":false,"_jetpack_memberships_contains_paid_content":false,"footnotes":"","jetpack_publicize_message":"","jetpack_publicize_feature_enabled":true,"jetpack_social_post_already_shared":true,"jetpack_social_options":{"image_generator_settings":{"template":"highway","default_image_id":0,"font":"","enabled":false},"version":2}},"categories":[1898],"tags":[4082],"class_list":["post-56262","post","type-post","status-publish","format-standard","has-post-thumbnail","hentry","category-destacado-internacional","tag-pierre-emerick-aubameyang"],"jetpack_publicize_connections":[],"jetpack_featured_media_url":"https:\/\/portaltactica.com\/wp-content\/uploads\/2022\/05\/3-3.jpg","jetpack_sharing_enabled":true,"_links":{"self":[{"href":"https:\/\/portaltactica.com\/index.php?rest_route=\/wp\/v2\/posts\/56262","targetHints":{"allow":["GET"]}}],"collection":[{"href":"https:\/\/portaltactica.com\/index.php?rest_route=\/wp\/v2\/posts"}],"about":[{"href":"https:\/\/portaltactica.com\/index.php?rest_route=\/wp\/v2\/types\/post"}],"author":[{"embeddable":true,"href":"https:\/\/portaltactica.com\/index.php?rest_route=\/wp\/v2\/users\/2"}],"replies":[{"embeddable":true,"href":"https:\/\/portaltactica.com\/index.php?rest_route=%2Fwp%2Fv2%2Fcomments&post=56262"}],"version-history":[{"count":1,"href":"https:\/\/portaltactica.com\/index.php?rest_route=\/wp\/v2\/posts\/56262\/revisions"}],"predecessor-version":[{"id":56264,"href":"https:\/\/portaltactica.com\/index.php?rest_route=\/wp\/v2\/posts\/56262\/revisions\/56264"}],"wp:featuredmedia":[{"embeddable":true,"href":"https:\/\/portaltactica.com\/index.php?rest_route=\/wp\/v2\/media\/56263"}],"wp:attachment":[{"href":"https:\/\/portaltactica.com\/index.php?rest_route=%2Fwp%2Fv2%2Fmedia&parent=56262"}],"wp:term":[{"taxonomy":"category","embeddable":true,"href":"https:\/\/portaltactica.com\/index.php?rest_route=%2Fwp%2Fv2%2Fcategories&post=56262"},{"taxonomy":"post_tag","embeddable":true,"href":"https:\/\/portaltactica.com\/index.php?rest_route=%2Fwp%2Fv2%2Ftags&post=56262"}],"curies":[{"name":"wp","href":"https:\/\/api.w.org\/{rel}","templated":true}]}}