{"id":55766,"date":"2022-04-27T20:45:56","date_gmt":"2022-04-28T02:45:56","guid":{"rendered":"https:\/\/portaltactica.com\/?p=55766"},"modified":"2022-04-27T20:45:57","modified_gmt":"2022-04-28T02:45:57","slug":"realizan-el-panel-medio-ambiente-y-trabajo-social-en-situaciones-de-riesgo","status":"publish","type":"post","link":"https:\/\/portaltactica.com\/?p=55766","title":{"rendered":"Realizan el panel \u201cMedio ambiente y trabajo social en situaciones de riesgo\u201d"},"content":{"rendered":"\n<p>La Facultad de Trabajo Social de la Universidad Aut\u00f3noma de Sinaloa (UAS) cuenta con un programa permanente denominado \u201cPanel de expertos para los alumnos de esta unidad acad\u00e9mica\u201d con la intenci\u00f3n de acercar a los estudiantes en formaci\u00f3n a las pr\u00e1cticas profesionales de los docentes y egresados, y en esta ocasi\u00f3n se abord\u00f3 el tema \u201cMedio ambiente y trabajo social en situaciones de riesgo\u201d.<br>\u00c1ngela Sara\u00ed Medina Castro, secretaria acad\u00e9mica de la facultad mencion\u00f3 que en este panel se cont\u00f3 con conferencistas de diferentes instancias p\u00fablicas y de la iniciativa privada, como son instituciones de asistencia social en el cuidado ambiental.<br>Asimismo, se\u00f1al\u00f3 que esta actividad se da en el marco del D\u00eda Mundial de la Tierra con el objetivo de que los alumnos del primer a\u00f1o conozcan c\u00f3mo desarrollan las funciones los trabajadores sociales en la pr\u00e1ctica profesional, la cual est\u00e1 relacionada con la protecci\u00f3n del cuidado ambiental, la sustentabilidad y los cuidados generales en las diferentes instancias.<br>Destac\u00f3 la participaci\u00f3n en este panel de expertos de la doctora Maura Idolina Castro Torres, pionera en el desarrollo sociocultural, la promoci\u00f3n social y la protecci\u00f3n civil en el estado de Sinaloa, quien cuenta con experiencias en los campos emergentes en acciones de prevenci\u00f3n, atenci\u00f3n y evaluaci\u00f3n de desastres.<br>Particip\u00f3 tambi\u00e9n por parte del Gobierno del Estado, el director de Medio Ambiente de la Subsecretar\u00eda de Desarrollo Sustentable, licenciado Jos\u00e9 Carlos Esteban Belmar y la jefa de Prevenci\u00f3n y Control de la Contaminaci\u00f3n, Karen Tolin Ojeda, quienes expusieron los programas y servicios que oferta el Gobierno de Sinaloa en relaci\u00f3n al cuidado ambiental, as\u00ed como como la apertura del campo laboral de ese espacio en particular para el desarrollo profesional del trabajador social.<br>Por \u00faltimo, Medina Castro reconoci\u00f3 que la UAS siempre se ha preocupado por acercar los diferentes mecanismos de participaci\u00f3n entre las instancias p\u00fablicas y privadas, as\u00ed como las asociaciones civiles en la formaci\u00f3n de los estudiantes, y el reconocimiento al plan de estudios y modelo institucional, que busca rescatar la importancia de la atenci\u00f3n del medio ambiente.<\/p>\n<div class='share-to-whatsapp-wrapper'><div class='share-on-whsp'>Share on: <\/div><a data-text='Realizan el panel \u201cMedio ambiente y trabajo social en situaciones de riesgo\u201d' data-link='https:\/\/portaltactica.com\/?p=55766' class='whatsapp-button whatsapp-share'>WhatsApp<\/a><div class='clear '><\/div><\/div>","protected":false},"excerpt":{"rendered":"<p>La Facultad de Trabajo Social de la Universidad Aut\u00f3noma de Sinaloa (UAS) cuenta con un programa permanente denominado \u201cPanel de expertos&hellip;<\/p>\n","protected":false},"author":1,"featured_media":55767,"comment_status":"open","ping_status":"open","sticky":false,"template":"","format":"standard","meta":{"advanced_seo_description":"","jetpack_seo_html_title":"","jetpack_seo_noindex":false,"_jetpack_memberships_contains_paid_content":false,"footnotes":"","jetpack_publicize_message":"","jetpack_publicize_feature_enabled":true,"jetpack_social_post_already_shared":true,"jetpack_social_options":{"image_generator_settings":{"template":"highway","default_image_id":0,"font":"","enabled":false},"version":2}},"categories":[947],"tags":[558],"class_list":["post-55766","post","type-post","status-publish","format-standard","has-post-thumbnail","hentry","category-universidad","tag-uas"],"jetpack_publicize_connections":[],"jetpack_featured_media_url":"https:\/\/portaltactica.com\/wp-content\/uploads\/2022\/04\/grande_165142001651101409.jpg","jetpack_sharing_enabled":true,"_links":{"self":[{"href":"https:\/\/portaltactica.com\/index.php?rest_route=\/wp\/v2\/posts\/55766","targetHints":{"allow":["GET"]}}],"collection":[{"href":"https:\/\/portaltactica.com\/index.php?rest_route=\/wp\/v2\/posts"}],"about":[{"href":"https:\/\/portaltactica.com\/index.php?rest_route=\/wp\/v2\/types\/post"}],"author":[{"embeddable":true,"href":"https:\/\/portaltactica.com\/index.php?rest_route=\/wp\/v2\/users\/1"}],"replies":[{"embeddable":true,"href":"https:\/\/portaltactica.com\/index.php?rest_route=%2Fwp%2Fv2%2Fcomments&post=55766"}],"version-history":[{"count":1,"href":"https:\/\/portaltactica.com\/index.php?rest_route=\/wp\/v2\/posts\/55766\/revisions"}],"predecessor-version":[{"id":55768,"href":"https:\/\/portaltactica.com\/index.php?rest_route=\/wp\/v2\/posts\/55766\/revisions\/55768"}],"wp:featuredmedia":[{"embeddable":true,"href":"https:\/\/portaltactica.com\/index.php?rest_route=\/wp\/v2\/media\/55767"}],"wp:attachment":[{"href":"https:\/\/portaltactica.com\/index.php?rest_route=%2Fwp%2Fv2%2Fmedia&parent=55766"}],"wp:term":[{"taxonomy":"category","embeddable":true,"href":"https:\/\/portaltactica.com\/index.php?rest_route=%2Fwp%2Fv2%2Fcategories&post=55766"},{"taxonomy":"post_tag","embeddable":true,"href":"https:\/\/portaltactica.com\/index.php?rest_route=%2Fwp%2Fv2%2Ftags&post=55766"}],"curies":[{"name":"wp","href":"https:\/\/api.w.org\/{rel}","templated":true}]}}