{"id":55554,"date":"2022-04-13T15:12:24","date_gmt":"2022-04-13T21:12:24","guid":{"rendered":"https:\/\/portaltactica.com\/?p=55554"},"modified":"2022-04-13T15:12:24","modified_gmt":"2022-04-13T21:12:24","slug":"se-arma-la-competencia-de-kayaks-en-el-parque-central","status":"publish","type":"post","link":"https:\/\/portaltactica.com\/?p=55554","title":{"rendered":"Se arma la competencia de Kayaks en el Parque Central"},"content":{"rendered":"\n<p>Hombres y mujeres de 12 a\u00f1os en adelante, podr\u00e1n participar en la primera carrera recreativa, el pr\u00f3ximo 23 de abril.<\/p>\n\n\n\n<p>Mazatl\u00e1n_ Una nueva actividad lleg\u00f3 al Parque Central Mazatl\u00e1n, se trata de la Primera Carrera Recreativa de Kayaks Mazatl\u00e1n 2022, a realizarse el pr\u00f3ximo s\u00e1bado 23 de abril, en la que podr\u00e1n participar hombres y mujeres, de 12 a\u00f1os en adelante.<br><br>Esta ma\u00f1ana, el bi\u00f3logo Pablo Rojas Zepeda, responsable del Parque Central y la directora del Instituto Municipal del Deporte, Fabiola Verde Rosas, anunciaron en rueda de prensa los pormenores del evento. <br><br>\u201cLa raz\u00f3n de iniciar ya las actividades en la laguna grande es para proporcionar a los visitantes y mazatlecos, un punto de actividad f\u00edsica y relajamiento. La idea es mantener una activaci\u00f3n permanente en la laguna del parque\u201d, coment\u00f3 Rojas Zepeda.<br><br>En tanto, la directora del Imdem, mencion\u00f3 que la competencia ser\u00e1 por hits y se regir\u00e1 por algunas sencillas reglas, encaminadas a una sana convivencia, adem\u00e1s adelant\u00f3 la planeaci\u00f3n de otras actividades acu\u00e1ticas que tendr\u00e1n lugar en esta misma sede, como es la escuela de vela.<br><br>Durante la competencia que se dividir\u00e1 en las categor\u00edas Junior (12-15 A\u00f1os) y Libre (16 A\u00f1os en adelante), en ambas ramas, se contar\u00e1 con personal de servicios m\u00e9dicos, salvavidas y un jet ski, para garantizar la seguridad de los participantes.<br><br>Para conocer las bases completas de la Primera Carrera Recreativa de Kayaks Mazatl\u00e1n 2022, visita la p\u00e1gina de facebook del Parque Central Oficial e Imdem Mazatl\u00e1n.<br><br><br>450<br>Metros es la distancia del circuito<\/p>\n\n\n\n<figure class=\"wp-block-gallery has-nested-images columns-default is-cropped wp-block-gallery-1 is-layout-flex wp-block-gallery-is-layout-flex\">\n<figure class=\"wp-block-image\"><img fetchpriority=\"high\" decoding=\"async\" width=\"1600\" height=\"959\" data-id=\"55552\" src=\"https:\/\/portaltactica.com\/wp-content\/uploads\/2022\/04\/IMG-20220413-WA0027.jpg\" alt=\"\" class=\"wp-image-55552\" srcset=\"https:\/\/portaltactica.com\/wp-content\/uploads\/2022\/04\/IMG-20220413-WA0027.jpg 1600w, https:\/\/portaltactica.com\/wp-content\/uploads\/2022\/04\/IMG-20220413-WA0027-768x460.jpg 768w, https:\/\/portaltactica.com\/wp-content\/uploads\/2022\/04\/IMG-20220413-WA0027-1536x921.jpg 1536w, https:\/\/portaltactica.com\/wp-content\/uploads\/2022\/04\/IMG-20220413-WA0027-1170x701.jpg 1170w, https:\/\/portaltactica.com\/wp-content\/uploads\/2022\/04\/IMG-20220413-WA0027-585x351.jpg 585w\" sizes=\"(max-width: 1600px) 100vw, 1600px\" \/><\/figure>\n<\/figure>\n<div class='share-to-whatsapp-wrapper'><div class='share-on-whsp'>Share on: <\/div><a data-text='Se arma la competencia de Kayaks en el Parque Central' data-link='https:\/\/portaltactica.com\/?p=55554' class='whatsapp-button whatsapp-share'>WhatsApp<\/a><div class='clear '><\/div><\/div>","protected":false},"excerpt":{"rendered":"<p>Hombres y mujeres de 12 a\u00f1os en adelante, podr\u00e1n participar en la primera carrera recreativa, el pr\u00f3ximo 23 de abril. Mazatl\u00e1n_&hellip;<\/p>\n","protected":false},"author":1,"featured_media":55553,"comment_status":"open","ping_status":"open","sticky":false,"template":"","format":"standard","meta":{"advanced_seo_description":"","jetpack_seo_html_title":"","jetpack_seo_noindex":false,"_jetpack_memberships_contains_paid_content":false,"footnotes":"","jetpack_publicize_message":"","jetpack_publicize_feature_enabled":true,"jetpack_social_post_already_shared":true,"jetpack_social_options":{"image_generator_settings":{"template":"highway","default_image_id":0,"font":"","enabled":false},"version":2}},"categories":[1899,1896],"tags":[37],"class_list":["post-55554","post","type-post","status-publish","format-standard","has-post-thumbnail","hentry","category-destacado-mazatlan","category-destacado-portada","tag-imdem"],"jetpack_publicize_connections":[],"jetpack_featured_media_url":"https:\/\/portaltactica.com\/wp-content\/uploads\/2022\/04\/IMG-20220413-WA0030.jpg","jetpack_sharing_enabled":true,"_links":{"self":[{"href":"https:\/\/portaltactica.com\/index.php?rest_route=\/wp\/v2\/posts\/55554","targetHints":{"allow":["GET"]}}],"collection":[{"href":"https:\/\/portaltactica.com\/index.php?rest_route=\/wp\/v2\/posts"}],"about":[{"href":"https:\/\/portaltactica.com\/index.php?rest_route=\/wp\/v2\/types\/post"}],"author":[{"embeddable":true,"href":"https:\/\/portaltactica.com\/index.php?rest_route=\/wp\/v2\/users\/1"}],"replies":[{"embeddable":true,"href":"https:\/\/portaltactica.com\/index.php?rest_route=%2Fwp%2Fv2%2Fcomments&post=55554"}],"version-history":[{"count":0,"href":"https:\/\/portaltactica.com\/index.php?rest_route=\/wp\/v2\/posts\/55554\/revisions"}],"wp:featuredmedia":[{"embeddable":true,"href":"https:\/\/portaltactica.com\/index.php?rest_route=\/wp\/v2\/media\/55553"}],"wp:attachment":[{"href":"https:\/\/portaltactica.com\/index.php?rest_route=%2Fwp%2Fv2%2Fmedia&parent=55554"}],"wp:term":[{"taxonomy":"category","embeddable":true,"href":"https:\/\/portaltactica.com\/index.php?rest_route=%2Fwp%2Fv2%2Fcategories&post=55554"},{"taxonomy":"post_tag","embeddable":true,"href":"https:\/\/portaltactica.com\/index.php?rest_route=%2Fwp%2Fv2%2Ftags&post=55554"}],"curies":[{"name":"wp","href":"https:\/\/api.w.org\/{rel}","templated":true}]}}