{"id":54434,"date":"2022-02-24T19:52:25","date_gmt":"2022-02-25T02:52:25","guid":{"rendered":"https:\/\/portaltactica.com\/?p=54434"},"modified":"2022-02-24T19:52:27","modified_gmt":"2022-02-25T02:52:27","slug":"celebra-la-uas-el-dia-de-la-bandera-de-mexico","status":"publish","type":"post","link":"https:\/\/portaltactica.com\/?p=54434","title":{"rendered":"Celebra la UAS el D\u00eda de la Bandera de M\u00e9xico"},"content":{"rendered":"\n<p>Con un esp\u00edritu de trabajo, de cohesi\u00f3n y de servicio a la sociedad, la Universidad Aut\u00f3noma de Sinaloa (UAS) llev\u00f3 a cabo la celebraci\u00f3n del D\u00eda de la Bandera de M\u00e9xico, con una ceremonia en la que participaron funcionarios, directores y alumnos encabezados por el Rector, doctor Jes\u00fas Madue\u00f1a Molina.<\/p>\n\n\n\n<p>\u201cSigamos honrando a nuestra naci\u00f3n y a nuestros s\u00edmbolos patrios mediante la educaci\u00f3n de calidad, la inclusi\u00f3n social y el trabajo honesto, sigamos haciendo de la Educaci\u00f3n Superior un espacio para el conocimiento y para el civismo, para la ciencia y la ciudadan\u00eda (\u2026) sint\u00e1monos muy orgullosos de nuestra ense\u00f1a nacional y de todo lo que representa\u201d, extern\u00f3 el Rector en este evento realizado en la explanada del Campus Rafael Buelna.<\/p>\n\n\n\n<p>Madue\u00f1a Molina indic\u00f3 que la bandera le da al pa\u00eds presencia en el contexto internacional, el cual se est\u00e1 viendo afectado por un conflicto que pone en riesgo la estabilidad en Europa del Este y en el cual M\u00e9xico, coherente con su historia y sus principios de pol\u00edtica exterior, aboga por el uso de la diplomacia como la mejor herramienta para garantizar la paz.<\/p>\n\n\n\n<p>Se\u00f1al\u00f3 que en cumplimiento de la Ley de Educaci\u00f3n Superior la UAS ya dio un paso importante, al lograr durante el ciclo escolar actual la cobertura total tanto en el Nivel Medio Superior como Superior, compromiso que se ha refrendado para el ciclo escolar 2022-2023, mientras que en el tema de calidad mantiene un paso firme y nuevamente se posiciona entre las 10 mejores Universidades P\u00fablicas de todo M\u00e9xico.<\/p>\n\n\n\n<p>Cit\u00f3 tambi\u00e9n el apoyo en el combate a la pandemia, las acciones emprendidas para alcanzar la estabilidad financiera gestionando recursos, generando ahorros y poniendo en marcha un efectivo plan de austeridad, y se est\u00e1 cumpliendo con la entrega de titularidades y los pagos de las primas de jubilaci\u00f3n.<\/p>\n\n\n\n<p>\u201cNuestra Universidad, el estado de Sinaloa y M\u00e9xico se est\u00e1n transformando, pongamos al frente de estos cambios a la bandera nacional, la cual sintetiza nuestra visi\u00f3n de futuro, nuestra vocaci\u00f3n por la paz y nuestra energ\u00eda para emprender nuevos proyectos\u201d, plante\u00f3.<\/p>\n\n\n\n<p>CREAN COMISI\u00d3N PARA ATENDER PROBLEM\u00c1TICA EN PREPARATORIA SANDINO<\/p>\n\n\n\n<p>El Rector de la UAS, doctor Jes\u00fas Madue\u00f1a Molina, inform\u00f3 que se form\u00f3 una Comisi\u00f3n en la que participan los responsables de Asuntos Jur\u00eddicos y de la Direcci\u00f3n General de Escuelas Preparatorias (DGEP) para llevar a cabo una investigaci\u00f3n y atender la problem\u00e1tica generada en la Preparatoria Augusto C\u00e9sar Sandino.<\/p>\n\n\n\n<p>\u201cSi hay algo que castigar se har\u00e1, y si alguien cometi\u00f3 el error de sobrepasarse en su autoridad, vamos a tomar las medidas correspondientes\u201d, expres\u00f3 el Rector al enfatizar que se pondr\u00e1 toda la atenci\u00f3n debida.<\/p>\n\n\n\n<p>Asegur\u00f3 que en la UAS no hay pr\u00e1cticas indebidas y si alguien se siente afectado en sus derechos puede denunciar, ya que la instituci\u00f3n no tolerar\u00e1 que alguien se exceda en su actuar, tambi\u00e9n destac\u00f3 que hay un reglamento en las escuelas que deben cumplir los alumnos y de no hacerlo se les llama la atenci\u00f3n, por lo que se reunir\u00e1 tambi\u00e9n el Consejo T\u00e9cnico de la preparatoria con los padres de familia para atender el tema.&nbsp;<\/p>\n<div class='share-to-whatsapp-wrapper'><div class='share-on-whsp'>Share on: <\/div><a data-text='Celebra la UAS el D\u00eda de la Bandera de M\u00e9xico' data-link='https:\/\/portaltactica.com\/?p=54434' class='whatsapp-button whatsapp-share'>WhatsApp<\/a><div class='clear '><\/div><\/div>","protected":false},"excerpt":{"rendered":"<p>Con un esp\u00edritu de trabajo, de cohesi\u00f3n y de servicio a la sociedad, la Universidad Aut\u00f3noma de Sinaloa (UAS) llev\u00f3 a&hellip;<\/p>\n","protected":false},"author":1,"featured_media":54435,"comment_status":"open","ping_status":"open","sticky":false,"template":"","format":"standard","meta":{"advanced_seo_description":"","jetpack_seo_html_title":"","jetpack_seo_noindex":false,"_jetpack_memberships_contains_paid_content":false,"footnotes":"","jetpack_publicize_message":"","jetpack_publicize_feature_enabled":true,"jetpack_social_post_already_shared":true,"jetpack_social_options":{"image_generator_settings":{"template":"highway","default_image_id":0,"font":"","enabled":false},"version":2}},"categories":[947],"tags":[558],"class_list":["post-54434","post","type-post","status-publish","format-standard","has-post-thumbnail","hentry","category-universidad","tag-uas"],"jetpack_publicize_connections":[],"jetpack_featured_media_url":"https:\/\/portaltactica.com\/wp-content\/uploads\/2022\/02\/grande_910791001645738076.jpg","jetpack_sharing_enabled":true,"_links":{"self":[{"href":"https:\/\/portaltactica.com\/index.php?rest_route=\/wp\/v2\/posts\/54434","targetHints":{"allow":["GET"]}}],"collection":[{"href":"https:\/\/portaltactica.com\/index.php?rest_route=\/wp\/v2\/posts"}],"about":[{"href":"https:\/\/portaltactica.com\/index.php?rest_route=\/wp\/v2\/types\/post"}],"author":[{"embeddable":true,"href":"https:\/\/portaltactica.com\/index.php?rest_route=\/wp\/v2\/users\/1"}],"replies":[{"embeddable":true,"href":"https:\/\/portaltactica.com\/index.php?rest_route=%2Fwp%2Fv2%2Fcomments&post=54434"}],"version-history":[{"count":1,"href":"https:\/\/portaltactica.com\/index.php?rest_route=\/wp\/v2\/posts\/54434\/revisions"}],"predecessor-version":[{"id":54436,"href":"https:\/\/portaltactica.com\/index.php?rest_route=\/wp\/v2\/posts\/54434\/revisions\/54436"}],"wp:featuredmedia":[{"embeddable":true,"href":"https:\/\/portaltactica.com\/index.php?rest_route=\/wp\/v2\/media\/54435"}],"wp:attachment":[{"href":"https:\/\/portaltactica.com\/index.php?rest_route=%2Fwp%2Fv2%2Fmedia&parent=54434"}],"wp:term":[{"taxonomy":"category","embeddable":true,"href":"https:\/\/portaltactica.com\/index.php?rest_route=%2Fwp%2Fv2%2Fcategories&post=54434"},{"taxonomy":"post_tag","embeddable":true,"href":"https:\/\/portaltactica.com\/index.php?rest_route=%2Fwp%2Fv2%2Ftags&post=54434"}],"curies":[{"name":"wp","href":"https:\/\/api.w.org\/{rel}","templated":true}]}}