{"id":53862,"date":"2022-01-30T15:37:24","date_gmt":"2022-01-30T22:37:24","guid":{"rendered":"https:\/\/portaltactica.com\/?p=53862"},"modified":"2022-01-30T15:37:24","modified_gmt":"2022-01-30T22:37:24","slug":"asegura-mazatlan-dos-boletos-a-los-nacionales-conade-de-tenis","status":"publish","type":"post","link":"https:\/\/portaltactica.com\/?p=53862","title":{"rendered":"Asegura Mazatl\u00e1n dos boletos a los Nacionales Conade de Tenis"},"content":{"rendered":"\n<p>Los mazatlecos Karen Arellano Mac\u00edas y Armando Mart\u00ednez Montoya logran clasificarse a la ronda nacional tras ubicarse primera y segundo lugar, respectivamente, en la categor\u00eda 16 A\u00f1os<br><br><br>Los Mochis._ Los mazatlecos Karen Arellano Mac\u00edas y Armando Mart\u00ednez Montoya lograron clasificarse a los Juegos Nacionales Conade de Tenis. <br><br>Tras una gran actuaci\u00f3n ofrecida en las canchas de superficie dura del Country Club, los porte\u00f1os lograron librar con \u00e9xito la etapa estatal clasificatoria en la categor\u00eda 16 A\u00f1os. <br><br>&#8220;La actuaci\u00f3n de la delegaci\u00f3n de Mazatl\u00e1n es buena, ya que la situaci\u00f3n que hemos vivido en estos \u00faltimos dos a\u00f1os dificulta evaluar los procesos. Sin embargo en el desarrollo de los juegos vimos que hay buen trabajo de los entrenadores mazatlecos&#8221;, dijo Jos\u00e9 \u00c1ngel Vega, coordinador de Deporte Federado del Instituto Municipal del Deporte. <br><br>Karen Edith Arellano Mac\u00edas, quien Entrena con el &#8220;pro&#8221; Arturo Loaiza y lleg\u00f3 ranqueada como n\u00famero uno de la categor\u00eda, termin\u00f3 invicta (4-0) el clasificatorio, mientras que Armando Mart\u00ednez, clasificado cinco del torneo, culmin\u00f3 en segundo lugar, solo por debajo del mochitense Alejandro Daniel Garc\u00eda. <br><br>&#8220;Creo que organizandonos mejor podemos apoyar para obtener mejores resultados en el siguiente proceso. Me gusto ver la actitud de los j\u00f3venes y estoy seguro que los que Laren y Armando nos representar\u00e1n dignamente en el Nacional&#8221;, expres\u00f3 Vega Salcido. <br><br>Previo a los Nacionales Conade de la especialidad, los tenistas tendr\u00e1n una parada previa en el seccional que se llevar\u00e1 a cabo en marzo, torneo que servir\u00e1 para sumar puntos en el ranking nacional y quedar mejor sembrado en la etapa nacional, con fecha y sede a\u00fan por definirse. <br><br>Cifra r\u00e9cord <br><br>En la etapa estatal de los Nacionales Conade 2022 organizada en coordinaci\u00f3n por el Instituto Sinaloense del Deporte, la Asociaci\u00f3n de Tenis de Sinaloa y el Instituto Municipal del Deporte de Ahome, participaron 100 jugadores de Ahome, Culiac\u00e1n, Mazatl\u00e1n y Guasave. <br><br>CLASIFICADOS A LOS NACIONALES CONADE <br><br>Categor\u00eda 14 a\u00f1os<br>Varonil<br>Patricio Yanez, de Guasave<br>Roberto Valderrama, de Los Mochis <br>Femenil<br>Nahomi P\u00e1ez, de Culiac\u00e1n <br>Andrea Rangel, de Culiac\u00e1n <br><br>Categor\u00eda 16 a\u00f1os<br>Varonil<br>Alejandro Daniel, de Los Mochis<br>Armando Mart\u00ednez, de Mazatl\u00e1n <br>Femenil<br>Karen Arellano, de Mazatl\u00e1n <br>Alitza Fierro, de Culiac\u00e1n<\/p>\n\n\n\n<figure class=\"wp-block-image size-large\"><img fetchpriority=\"high\" decoding=\"async\" width=\"1024\" height=\"1024\" src=\"https:\/\/portaltactica.com\/wp-content\/uploads\/2022\/01\/IMG-20220130-WA0022-1024x1024.jpg\" alt=\"\" class=\"wp-image-53860\" srcset=\"https:\/\/portaltactica.com\/wp-content\/uploads\/2022\/01\/IMG-20220130-WA0022-1024x1024.jpg 1024w, https:\/\/portaltactica.com\/wp-content\/uploads\/2022\/01\/IMG-20220130-WA0022-300x300.jpg 300w, https:\/\/portaltactica.com\/wp-content\/uploads\/2022\/01\/IMG-20220130-WA0022-585x585.jpg 585w\" sizes=\"(max-width: 1024px) 100vw, 1024px\" \/><\/figure>\n<div class='share-to-whatsapp-wrapper'><div class='share-on-whsp'>Share on: <\/div><a data-text='Asegura Mazatl\u00e1n dos boletos a los Nacionales Conade de Tenis' data-link='https:\/\/portaltactica.com\/?p=53862' class='whatsapp-button whatsapp-share'>WhatsApp<\/a><div class='clear '><\/div><\/div>","protected":false},"excerpt":{"rendered":"<p>Los mazatlecos Karen Arellano Mac\u00edas y Armando Mart\u00ednez Montoya logran clasificarse a la ronda nacional tras ubicarse primera y segundo lugar,&hellip;<\/p>\n","protected":false},"author":1,"featured_media":53861,"comment_status":"open","ping_status":"open","sticky":false,"template":"","format":"standard","meta":{"advanced_seo_description":"","jetpack_seo_html_title":"","jetpack_seo_noindex":false,"_jetpack_memberships_contains_paid_content":false,"footnotes":"","jetpack_publicize_message":"","jetpack_publicize_feature_enabled":true,"jetpack_social_post_already_shared":true,"jetpack_social_options":{"image_generator_settings":{"template":"highway","default_image_id":0,"font":"","enabled":false},"version":2}},"categories":[1899],"tags":[37],"class_list":["post-53862","post","type-post","status-publish","format-standard","has-post-thumbnail","hentry","category-destacado-mazatlan","tag-imdem"],"jetpack_publicize_connections":[],"jetpack_featured_media_url":"https:\/\/portaltactica.com\/wp-content\/uploads\/2022\/01\/IMG-20220130-WA0021.jpg","jetpack_sharing_enabled":true,"_links":{"self":[{"href":"https:\/\/portaltactica.com\/index.php?rest_route=\/wp\/v2\/posts\/53862","targetHints":{"allow":["GET"]}}],"collection":[{"href":"https:\/\/portaltactica.com\/index.php?rest_route=\/wp\/v2\/posts"}],"about":[{"href":"https:\/\/portaltactica.com\/index.php?rest_route=\/wp\/v2\/types\/post"}],"author":[{"embeddable":true,"href":"https:\/\/portaltactica.com\/index.php?rest_route=\/wp\/v2\/users\/1"}],"replies":[{"embeddable":true,"href":"https:\/\/portaltactica.com\/index.php?rest_route=%2Fwp%2Fv2%2Fcomments&post=53862"}],"version-history":[{"count":0,"href":"https:\/\/portaltactica.com\/index.php?rest_route=\/wp\/v2\/posts\/53862\/revisions"}],"wp:featuredmedia":[{"embeddable":true,"href":"https:\/\/portaltactica.com\/index.php?rest_route=\/wp\/v2\/media\/53861"}],"wp:attachment":[{"href":"https:\/\/portaltactica.com\/index.php?rest_route=%2Fwp%2Fv2%2Fmedia&parent=53862"}],"wp:term":[{"taxonomy":"category","embeddable":true,"href":"https:\/\/portaltactica.com\/index.php?rest_route=%2Fwp%2Fv2%2Fcategories&post=53862"},{"taxonomy":"post_tag","embeddable":true,"href":"https:\/\/portaltactica.com\/index.php?rest_route=%2Fwp%2Fv2%2Ftags&post=53862"}],"curies":[{"name":"wp","href":"https:\/\/api.w.org\/{rel}","templated":true}]}}