{"id":53147,"date":"2021-12-23T13:15:06","date_gmt":"2021-12-23T20:15:06","guid":{"rendered":"https:\/\/portaltactica.com\/?p=53147"},"modified":"2021-12-23T13:15:10","modified_gmt":"2021-12-23T20:15:10","slug":"pele-recibe-el-alta-y-seguira-su-tratamiento-contra-el-tumor-de-colon-en-casa","status":"publish","type":"post","link":"https:\/\/portaltactica.com\/?p=53147","title":{"rendered":"Pel\u00e9 recibe el alta y seguir\u00e1 su tratamiento contra el tumor de colon en casa"},"content":{"rendered":"\n<p>El astro brasile\u00f1o Edson Arantes do Nascimento &#8216;Pel\u00e9&#8217; recibi\u00f3 este jueves el alta m\u00e9dica tras cerca de dos semanas ingresado en un hospital de Sao Paulo, y continuar\u00e1 en casa el tratamiento contra el tumor de colon que le fue detectado en septiembre y por el que ya fue operado.<\/p>\n\n\n\n<p>&#8220;El paciente est\u00e1 estable y continuar\u00e1 el tratamiento del tumor de colon, identificado en septiembre de este a\u00f1o&#8221;, anunci\u00f3 el bolet\u00edn del Hospital Albert Einstein de Sao Paulo, donde el ex futbolista de 81 a\u00f1os estaba internado desde la segunda semana de diciembre.<\/p>\n\n\n\n<p>El triple campe\u00f3n del mundo con la Canarinha (1958, 1962 y 1970) hab\u00eda acudido a la cl\u00ednica para someterse a la \u00faltima sesi\u00f3n de quimioterapia del a\u00f1o y, adem\u00e1s, a otra serie de ex\u00e1menes para conocer su estado de salud.<\/p>\n\n\n\n<p>Pel\u00e9 fue hospitalizado en esa misma cl\u00ednica el 31 de agosto para someterse a ex\u00e1menes de rutina que hab\u00eda pospuesto debido a la pandemia de coronavirus y en los que se le detect\u00f3 un tumor en el colon, del que fue operado d\u00edas despu\u00e9s.<\/p>\n\n\n\n<p>Fue dado de alta tras un mes de hospitalizaci\u00f3n y a partir de ah\u00ed comenz\u00f3 el tratamiento de quimioterapia, al que, seg\u00fan los m\u00e9dicos, reaccion\u00f3 &#8220;satisfactoriamente&#8221;.<\/p>\n\n\n\n<p>Como en aquella ocasi\u00f3n, Pel\u00e9 ha dejado un mensaje en sus redes sociales en las \u00faltimas dos semanas para tranquilizar a sus seguidores.<\/p>\n\n\n\n<p>&#8220;No os preocup\u00e9is, \u00a1s\u00f3lo me estoy preparando para las vacaciones de fin de a\u00f1o!&#8221;. Dijo con buen humor unos d\u00edas despu\u00e9s de ser hospitalizado de nuevo este mes.<\/p>\n\n\n\n<p>La salud de Pel\u00e9 se ha deteriorado en los \u00faltimos a\u00f1os debido a problemas de columna, cadera y rodilla que han reducido su movilidad y le han obligado a pasar por el quir\u00f3fano, adem\u00e1s de sufrir algunas crisis renales.<\/p>\n\n\n\n<p><\/p>\n\n\n\n<p style=\"font-size:8px\"><em>Fuente: Today 24.<\/em><\/p>\n<div class='share-to-whatsapp-wrapper'><div class='share-on-whsp'>Share on: <\/div><a data-text='Pel\u00e9 recibe el alta y seguir\u00e1 su tratamiento contra el tumor de colon en casa' data-link='https:\/\/portaltactica.com\/?p=53147' class='whatsapp-button whatsapp-share'>WhatsApp<\/a><div class='clear '><\/div><\/div>","protected":false},"excerpt":{"rendered":"<p>El astro brasile\u00f1o Edson Arantes do Nascimento &#8216;Pel\u00e9&#8217; recibi\u00f3 este jueves el alta m\u00e9dica tras cerca de dos semanas ingresado en&hellip;<\/p>\n","protected":false},"author":2,"featured_media":53148,"comment_status":"open","ping_status":"open","sticky":false,"template":"","format":"standard","meta":{"advanced_seo_description":"","jetpack_seo_html_title":"","jetpack_seo_noindex":false,"_jetpack_memberships_contains_paid_content":false,"footnotes":"","jetpack_publicize_message":"","jetpack_publicize_feature_enabled":true,"jetpack_social_post_already_shared":true,"jetpack_social_options":{"image_generator_settings":{"template":"highway","default_image_id":0,"font":"","enabled":false},"version":2}},"categories":[1898],"tags":[306],"class_list":["post-53147","post","type-post","status-publish","format-standard","has-post-thumbnail","hentry","category-destacado-internacional","tag-pele"],"jetpack_publicize_connections":[],"jetpack_featured_media_url":"https:\/\/portaltactica.com\/wp-content\/uploads\/2021\/12\/3-2.jpg","jetpack_sharing_enabled":true,"_links":{"self":[{"href":"https:\/\/portaltactica.com\/index.php?rest_route=\/wp\/v2\/posts\/53147","targetHints":{"allow":["GET"]}}],"collection":[{"href":"https:\/\/portaltactica.com\/index.php?rest_route=\/wp\/v2\/posts"}],"about":[{"href":"https:\/\/portaltactica.com\/index.php?rest_route=\/wp\/v2\/types\/post"}],"author":[{"embeddable":true,"href":"https:\/\/portaltactica.com\/index.php?rest_route=\/wp\/v2\/users\/2"}],"replies":[{"embeddable":true,"href":"https:\/\/portaltactica.com\/index.php?rest_route=%2Fwp%2Fv2%2Fcomments&post=53147"}],"version-history":[{"count":1,"href":"https:\/\/portaltactica.com\/index.php?rest_route=\/wp\/v2\/posts\/53147\/revisions"}],"predecessor-version":[{"id":53149,"href":"https:\/\/portaltactica.com\/index.php?rest_route=\/wp\/v2\/posts\/53147\/revisions\/53149"}],"wp:featuredmedia":[{"embeddable":true,"href":"https:\/\/portaltactica.com\/index.php?rest_route=\/wp\/v2\/media\/53148"}],"wp:attachment":[{"href":"https:\/\/portaltactica.com\/index.php?rest_route=%2Fwp%2Fv2%2Fmedia&parent=53147"}],"wp:term":[{"taxonomy":"category","embeddable":true,"href":"https:\/\/portaltactica.com\/index.php?rest_route=%2Fwp%2Fv2%2Fcategories&post=53147"},{"taxonomy":"post_tag","embeddable":true,"href":"https:\/\/portaltactica.com\/index.php?rest_route=%2Fwp%2Fv2%2Ftags&post=53147"}],"curies":[{"name":"wp","href":"https:\/\/api.w.org\/{rel}","templated":true}]}}