{"id":53137,"date":"2021-12-22T19:50:29","date_gmt":"2021-12-23T02:50:29","guid":{"rendered":"https:\/\/portaltactica.com\/?p=53137"},"modified":"2021-12-22T19:50:40","modified_gmt":"2021-12-23T02:50:40","slug":"participara-la-direccion-de-deportes-en-el-maraton-internacional-de-culiacan","status":"publish","type":"post","link":"https:\/\/portaltactica.com\/?p=53137","title":{"rendered":"Participar\u00e1 la Direcci\u00f3n de Deportes en el Marat\u00f3n Internacional de Culiac\u00e1n"},"content":{"rendered":"\n<p>El personal de la Direcci\u00f3n de Deportes de la Universidad Aut\u00f3noma de Sinaloa (UAS) se encuentra listo para participar en el Marat\u00f3n Internacional de Culiac\u00e1n no solo en la parte de la organizaci\u00f3n interna, tambi\u00e9n en los puntos de apoyo que se instalar\u00e1n a lo largo del recorrido para apoyar a los corredores que as\u00ed lo requieran, inform\u00f3 Gilberto Berrelleza Reyes<\/p>\n\n\n\n<p>El director general de Deportes estableci\u00f3 que la instrucci\u00f3n que se tiene de parte del Rector, doctor Jes\u00fas Madue\u00f1a Molina es respaldar el evento con todo el personal que sea necesario para que el Marat\u00f3n Internacional sea todo un \u00e9xito.<\/p>\n\n\n\n<p>\u201cAqu\u00ed la idea es participar con ellos en las diferentes \u00e1reas y que ellos se sientan hasta cierto punto cobijados por lo que es la Universidad Aut\u00f3noma de Sinaloa\u201d, coment\u00f3 Berrelleza Reyes.<\/p>\n\n\n\n<p>El funcionario universitario indic\u00f3 que a petici\u00f3n de Tom\u00e1s Villavel\u00e1zquez Santill\u00e1n, director del Marat\u00f3n Internacional de Culiac\u00e1n, la UAS estar\u00e1 participando en esta ocasi\u00f3n en la parte interna en calidad de coorganizadora.<\/p>\n\n\n\n<p>\u201cLa idea es tomar la participaci\u00f3n tanto interna en la log\u00edstica del evento, como tambi\u00e9n en la parte de lo que es la participaci\u00f3n, es la propuesta que le tenemos a nuestro rector, de que \u00e9l vea la magnitud de lo que se est\u00e1 colaborando con los organizadores y que como instituci\u00f3n universitaria se vea reflejado en todos los eventos tanto en el recorrido con participaci\u00f3n como parte de la organizaci\u00f3n del mismo evento\u201d, enfatiz\u00f3.<\/p>\n\n\n\n<p>Aunque no mencion\u00f3 el n\u00famero exacto de personal de la Direcci\u00f3n General de Deportes con el cual estar\u00e1n participando, Berrelleza Reyes adelant\u00f3 que la gente a su cargo estar\u00e1 seguramente presente en los puestos de hidrataci\u00f3n, en la salida y meta y en algunos puntos del recorrido del marat\u00f3n para intervenir en auxilio de los corredores en caso de ser necesario.<\/p>\n\n\n\n<p>Destac\u00f3 que se est\u00e1n teniendo reuniones constantes con los organizadores oficiales del magno evento para afinar todos los detalles que vayan surgiendo previo a lo que es el disparo de salida de los corredores.<\/p>\n\n\n\n<p>El Marat\u00f3n Internacional de Culiac\u00e1n que ya es una tradici\u00f3n desde hace 32 a\u00f1os en la capital del estado de Sinaloa est\u00e1 programado para llevarse a cabo el 23 de enero de 2022 con punto de partida y llegada frente al edificio de Palacio Municipal.<\/p>\n<div class='share-to-whatsapp-wrapper'><div class='share-on-whsp'>Share on: <\/div><a data-text='Participar\u00e1 la Direcci\u00f3n de Deportes en el Marat\u00f3n Internacional de Culiac\u00e1n' data-link='https:\/\/portaltactica.com\/?p=53137' class='whatsapp-button whatsapp-share'>WhatsApp<\/a><div class='clear '><\/div><\/div>","protected":false},"excerpt":{"rendered":"<p>El personal de la Direcci\u00f3n de Deportes de la Universidad Aut\u00f3noma de Sinaloa (UAS) se encuentra listo para participar en el&hellip;<\/p>\n","protected":false},"author":1,"featured_media":53138,"comment_status":"open","ping_status":"open","sticky":false,"template":"","format":"standard","meta":{"advanced_seo_description":"","jetpack_seo_html_title":"","jetpack_seo_noindex":false,"_jetpack_memberships_contains_paid_content":false,"footnotes":"","jetpack_publicize_message":"","jetpack_publicize_feature_enabled":true,"jetpack_social_post_already_shared":true,"jetpack_social_options":{"image_generator_settings":{"template":"highway","default_image_id":0,"font":"","enabled":false},"version":2}},"categories":[947],"tags":[558],"class_list":["post-53137","post","type-post","status-publish","format-standard","has-post-thumbnail","hentry","category-universidad","tag-uas"],"jetpack_publicize_connections":[],"jetpack_featured_media_url":"https:\/\/portaltactica.com\/wp-content\/uploads\/2021\/12\/grande_414046001640204368.jpg","jetpack_sharing_enabled":true,"_links":{"self":[{"href":"https:\/\/portaltactica.com\/index.php?rest_route=\/wp\/v2\/posts\/53137","targetHints":{"allow":["GET"]}}],"collection":[{"href":"https:\/\/portaltactica.com\/index.php?rest_route=\/wp\/v2\/posts"}],"about":[{"href":"https:\/\/portaltactica.com\/index.php?rest_route=\/wp\/v2\/types\/post"}],"author":[{"embeddable":true,"href":"https:\/\/portaltactica.com\/index.php?rest_route=\/wp\/v2\/users\/1"}],"replies":[{"embeddable":true,"href":"https:\/\/portaltactica.com\/index.php?rest_route=%2Fwp%2Fv2%2Fcomments&post=53137"}],"version-history":[{"count":1,"href":"https:\/\/portaltactica.com\/index.php?rest_route=\/wp\/v2\/posts\/53137\/revisions"}],"predecessor-version":[{"id":53139,"href":"https:\/\/portaltactica.com\/index.php?rest_route=\/wp\/v2\/posts\/53137\/revisions\/53139"}],"wp:featuredmedia":[{"embeddable":true,"href":"https:\/\/portaltactica.com\/index.php?rest_route=\/wp\/v2\/media\/53138"}],"wp:attachment":[{"href":"https:\/\/portaltactica.com\/index.php?rest_route=%2Fwp%2Fv2%2Fmedia&parent=53137"}],"wp:term":[{"taxonomy":"category","embeddable":true,"href":"https:\/\/portaltactica.com\/index.php?rest_route=%2Fwp%2Fv2%2Fcategories&post=53137"},{"taxonomy":"post_tag","embeddable":true,"href":"https:\/\/portaltactica.com\/index.php?rest_route=%2Fwp%2Fv2%2Ftags&post=53137"}],"curies":[{"name":"wp","href":"https:\/\/api.w.org\/{rel}","templated":true}]}}