{"id":53059,"date":"2021-12-20T08:53:38","date_gmt":"2021-12-20T15:53:38","guid":{"rendered":"https:\/\/portaltactica.com\/?p=53059"},"modified":"2021-12-20T08:53:44","modified_gmt":"2021-12-20T15:53:44","slug":"rafael-nadal-da-positivo-a-covid-19","status":"publish","type":"post","link":"https:\/\/portaltactica.com\/?p=53059","title":{"rendered":"Rafael Nadal da positivo a COVID-19"},"content":{"rendered":"\n<p class=\"has-text-align-center\" style=\"font-size:22px\"><em><strong>El positivo de Nadal ocurre a un mes de que arranque el Abierto de Australia, en Melbourne, donde ten\u00eda programado participar<\/strong><\/em><\/p>\n\n\n\n<p>El tenista Rafael Nadal dio una noticia que preocupa a los aficionados del tenis por su agenda en 2022: el espa\u00f1ol anunci\u00f3 que dio positivo a COVID en una prueba que se realiz\u00f3 al regresar a Espa\u00f1a desde Abu Dabi, donde particip\u00f3 en un torneo de exhibici\u00f3n.<\/p>\n\n\n\n<p>A trav\u00e9s de su cuenta de Twitter, el ganador de 20 t\u00edtulos de Grand Slam dijo:&nbsp;<strong>&#8220;Estoy pasando unos momentos desagradables, pero conf\u00edo en ir mejorando poco a poco&#8221;.<\/strong><\/p>\n\n\n\n<p>&#8220;Ahora estoy confinado en casa y he informado del resultado a las personas que han estado en contacto conmigo&#8221;.<\/p>\n\n\n\n<p>Rafael Nadal explic\u00f3 que&nbsp;<strong>tomar\u00e1 una decisi\u00f3n<\/strong>&nbsp;sobre su participaci\u00f3n en los pr\u00f3ximos torneos&nbsp;<strong>en funci\u00f3n de la evoluci\u00f3n de su estado de salud.<\/strong><\/p>\n\n\n\n<p>El positivo de Nadal ocurre a un mes de que arranque el Abierto de Australia en enero, en Melbourne, donde el ex n\u00famero uno del mundo ten\u00eda programado participar.<\/p>\n\n\n\n<p>El ib\u00e9rico volvi\u00f3 de Abu Dabi, el lugar donde\u00a0<strong>particip\u00f3 en su primer torneo en cuatro meses despu\u00e9s de una lesi\u00f3n en el pie<\/strong>\u00a0que lo dej\u00f3 fuera de las competencias.<\/p>\n\n\n\n<p>En el torneo, que era de exhibici\u00f3n, fue derrotado por el tambi\u00e9n ex l\u00edder mundial Andy Murray (6-3 y 7-5).<\/p>\n\n\n\n<p>Aun tras la derrota, Nadal se mostr\u00f3 positivo por la experiencia. &#8220;Despu\u00e9s de un tiempo de baja tan largo, necesito recuperar (&#8230;) He jugado mejor que lo hubiera pensado hace pocas semanas&#8221;, expres\u00f3.<\/p>\n\n\n\n<p>Para Rafael Nadal,&nbsp;<strong>la prioridad era ganar confianza y forma f\u00edsica de cara al primer torneo grande de la temporada,<\/strong>&nbsp;el Abierto de Australia.<\/p>\n\n\n\n<p>El tenista planeaba volver a las competencias a finales de diciembre para competir en un torneo ATP 250, antes de ese primer Grand Slam de 2022.<\/p>\n\n\n\n<p><\/p>\n\n\n\n<p style=\"font-size:8px\"><em>Fuente: Informador.<\/em><\/p>\n<div class='share-to-whatsapp-wrapper'><div class='share-on-whsp'>Share on: <\/div><a data-text='Rafael Nadal da positivo a COVID-19' data-link='https:\/\/portaltactica.com\/?p=53059' class='whatsapp-button whatsapp-share'>WhatsApp<\/a><div class='clear '><\/div><\/div>","protected":false},"excerpt":{"rendered":"<p>El positivo de Nadal ocurre a un mes de que arranque el Abierto de Australia, en Melbourne, donde ten\u00eda programado participar&hellip;<\/p>\n","protected":false},"author":2,"featured_media":53060,"comment_status":"open","ping_status":"open","sticky":false,"template":"","format":"standard","meta":{"advanced_seo_description":"","jetpack_seo_html_title":"","jetpack_seo_noindex":false,"_jetpack_memberships_contains_paid_content":false,"footnotes":"","jetpack_publicize_message":"","jetpack_publicize_feature_enabled":true,"jetpack_social_post_already_shared":true,"jetpack_social_options":{"image_generator_settings":{"template":"highway","default_image_id":0,"font":"","enabled":false},"version":2}},"categories":[1896],"tags":[78],"class_list":["post-53059","post","type-post","status-publish","format-standard","has-post-thumbnail","hentry","category-destacado-portada","tag-rafael-nadal"],"jetpack_publicize_connections":[],"jetpack_featured_media_url":"https:\/\/portaltactica.com\/wp-content\/uploads\/2021\/12\/1-10.jpg","jetpack_sharing_enabled":true,"_links":{"self":[{"href":"https:\/\/portaltactica.com\/index.php?rest_route=\/wp\/v2\/posts\/53059","targetHints":{"allow":["GET"]}}],"collection":[{"href":"https:\/\/portaltactica.com\/index.php?rest_route=\/wp\/v2\/posts"}],"about":[{"href":"https:\/\/portaltactica.com\/index.php?rest_route=\/wp\/v2\/types\/post"}],"author":[{"embeddable":true,"href":"https:\/\/portaltactica.com\/index.php?rest_route=\/wp\/v2\/users\/2"}],"replies":[{"embeddable":true,"href":"https:\/\/portaltactica.com\/index.php?rest_route=%2Fwp%2Fv2%2Fcomments&post=53059"}],"version-history":[{"count":1,"href":"https:\/\/portaltactica.com\/index.php?rest_route=\/wp\/v2\/posts\/53059\/revisions"}],"predecessor-version":[{"id":53061,"href":"https:\/\/portaltactica.com\/index.php?rest_route=\/wp\/v2\/posts\/53059\/revisions\/53061"}],"wp:featuredmedia":[{"embeddable":true,"href":"https:\/\/portaltactica.com\/index.php?rest_route=\/wp\/v2\/media\/53060"}],"wp:attachment":[{"href":"https:\/\/portaltactica.com\/index.php?rest_route=%2Fwp%2Fv2%2Fmedia&parent=53059"}],"wp:term":[{"taxonomy":"category","embeddable":true,"href":"https:\/\/portaltactica.com\/index.php?rest_route=%2Fwp%2Fv2%2Fcategories&post=53059"},{"taxonomy":"post_tag","embeddable":true,"href":"https:\/\/portaltactica.com\/index.php?rest_route=%2Fwp%2Fv2%2Ftags&post=53059"}],"curies":[{"name":"wp","href":"https:\/\/api.w.org\/{rel}","templated":true}]}}